{"id":430669,"date":"2026-09-04T14:17:25","date_gmt":"2026-09-04T12:17:25","guid":{"rendered":"https:\/\/zjarr.tv\/?p=430669"},"modified":"2026-09-04T14:17:31","modified_gmt":"2026-09-04T12:17:31","slug":"vizita-e-berishes-ne-shba-salianji-non-grata-njolle-qe-ka-renduar-mbi-nje-parti-te-tere","status":"publish","type":"post","link":"https:\/\/zjarr.tv\/sq\/vizita-e-berishes-ne-shba-salianji-non-grata-njolle-qe-ka-renduar-mbi-nje-parti-te-tere\/","title":{"rendered":"Vizita e Berish\u00ebs n\u00eb SHBA, Salianji: Non grata, njoll\u00eb q\u00eb ka r\u00ebnduar mbi nj\u00eb parti t\u00eb t\u00ebr\u00eb"},"content":{"rendered":"\n<p class=\"wp-block-paragraph\">Ish-deputeti demokrat Ervin Salianji e ka cil\u00ebsuar si zhvillim pozitiv udh\u00ebtimin e Sali Berish\u00ebs drejt Shteteve t\u00eb Bashkuara, duke argumentuar se \u00e7do p\u00ebrpjekje p\u00ebr normalizimin e marr\u00ebdh\u00ebnieve t\u00eb opozit\u00ebs shqiptare me aleatin strategjik t\u00eb vendit \u00ebsht\u00eb n\u00eb interes t\u00eb Partis\u00eb Demokratike dhe Shqip\u00ebris\u00eb.<\/p>\n\n\n\n<p class=\"wp-block-paragraph\">Megjithat\u00eb, Salianji thekson se vizita nuk e zgjidh at\u00eb q\u00eb ai e konsideron si problemin kryesor t\u00eb PD-s\u00eb. Sipas tij, vendimi \u201cnon grata\u201d ndaj Berish\u00ebs p\u00ebr korrupsion ka pasur pasoja p\u00ebrtej individit dhe ka ndikuar n\u00eb imazhin dhe funksionimin politik t\u00eb opozit\u00ebs.<\/p>\n\n\n\n<p class=\"wp-block-paragraph\">Duke iu referuar situat\u00ebs politike t\u00eb kreut t\u00eb PD-s\u00eb n\u00eb Shqip\u00ebri, Salianji e p\u00ebrshkruan udh\u00ebtimin n\u00eb SHBA si nj\u00eb paradoks: Berisha mund t\u00eb shkoj\u00eb fizikisht n\u00eb Amerik\u00eb, por sipas tij nuk arrin t\u00eb ket\u00eb t\u00eb nj\u00ebjt\u00ebn l\u00ebvizshm\u00ebri n\u00eb terrenin politik shqiptar.<\/p>\n\n\n\n<p class=\"wp-block-paragraph\">Ai argumenton se v\u00ebshtir\u00ebsit\u00eb e opozit\u00ebs p\u00ebr t\u00eb organizuar takime dhe p\u00ebr t\u00eb rikthyer mb\u00ebshtetjen n\u00eb disa qarqe jan\u00eb tregues se problemi i saj nuk ndodhet n\u00eb Uashington, por n\u00eb Tiran\u00eb.<\/p>\n\n\n\n<p class=\"wp-block-paragraph\">N\u00eb k\u00ebt\u00eb kuad\u00ebr, Salianji e sheh udh\u00ebtimin e Berish\u00ebs si nj\u00eb mund\u00ebsi p\u00ebr reflektim dhe i b\u00ebn thirrje kreut t\u00eb PD-s\u00eb t\u00eb shqyrtoj\u00eb dor\u00ebheqjen.<\/p>\n\n\n\n<p class=\"wp-block-paragraph\">Sipas tij, nj\u00eb largim i till\u00eb nuk duhet par\u00eb si humbje personale, por si nj\u00eb kontribut p\u00ebr t\u2019i krijuar Partis\u00eb Demokratike hap\u00ebsir\u00ebn p\u00ebr t\u00eb nd\u00ebrtuar nj\u00eb alternativ\u00eb t\u00eb re politike.<\/p>\n\n\n\n<p class=\"wp-block-paragraph\">Salianji thekson se opozita nuk mund ta rr\u00ebzoj\u00eb Edi Ram\u00ebn duke u mb\u00ebshtetur vet\u00ebm te betejat e s\u00eb shkuar\u00ebs. N\u00eb vler\u00ebsimin e tij, PD-ja duhet t\u00eb ofroj\u00eb nj\u00eb alternativ\u00eb q\u00eb bind qytetar\u00ebt se mund t\u00eb qeveris\u00eb vendin.<\/p>\n\n\n\n<p class=\"wp-block-paragraph\">N\u00eb fund, ai shprehet se Shqip\u00ebria ka nevoj\u00eb p\u00ebr nj\u00eb opozit\u00eb q\u00eb synon fitoren dhe jo thjesht mbijetes\u00ebn politike, duke e cil\u00ebsuar ndryshimin brenda opozit\u00ebs si nj\u00eb nevoj\u00eb t\u00eb momentit.<\/p>\n\n\n\n<p class=\"wp-block-paragraph\"><strong>Reagimi i Ervin Salianjit<\/strong><\/p>\n\n\n\n<p class=\"wp-block-paragraph\">Udh\u00ebtimi i Sali Berish\u00ebs drejt Shteteve t\u00eb Bashkuara \u00ebsht\u00eb nj\u00eb lajm pozitiv. \u00c7do hap q\u00eb normalizon marr\u00ebdh\u00ebnien e nj\u00eb force politike shqiptare me aleatin strategjik t\u00eb Shqip\u00ebris\u00eb \u00ebsht\u00eb n\u00eb interes t\u00eb vendit dhe t\u00eb Partis\u00eb Demokratike.<\/p>\n\n\n\n<p class=\"wp-block-paragraph\">Por nuk mund t\u00eb b\u00ebjm\u00eb sikur nuk ekziston problemi politik q\u00eb ka r\u00ebnduar mbi PD-n\u00eb p\u00ebr vite me radh\u00eb. Non grata p\u00ebr korrupsion \u00ebsht\u00eb nj\u00eb njoll\u00eb q\u00eb nuk r\u00ebndon vet\u00ebm mbi nj\u00eb individ. Ajo ka r\u00ebnduar mbi nj\u00eb parti t\u00eb t\u00ebr\u00eb, mbi opozit\u00ebn dhe mbi mund\u00ebsin\u00eb e saj p\u00ebr t\u2019u paraqitur si alternativ\u00eb qeveris\u00ebse. Udhetimi sot tregon nj\u00eb paradoks t\u00eb madh, Berisha mund t\u00eb udh\u00ebtoj\u00eb n\u00eb Shtetet e Bashkuara, por nuk mund t\u00eb udh\u00ebtoj\u00eb politikisht n\u00eb Shqip\u00ebri.<\/p>\n\n\n\n<p class=\"wp-block-paragraph\">Nuk mund t\u00eb bind\u00eb Fierin p\u00ebr t\u00eb organizuar nj\u00eb takim, nuk e viziton dhe as mund t\u00eb fitoj\u00eb Shkodr\u00ebn, nuk organizom dot takim e nuk mund t\u00eb ndez\u00eb Vlor\u00ebn, nuk b\u00ebn dot takim n\u00eb Berat dhe \u00ebsht\u00eb non grata nga protestuesit n\u00eb Tiran\u00eb.<\/p>\n\n\n\n<p class=\"wp-block-paragraph\">Mbi t\u00eb gjitha, nuk mund t\u00eb bind\u00eb shumic\u00ebn e shqiptar\u00ebve se \u00ebsht\u00eb zgjidhja p\u00ebr t\u00eb ardhmen.<\/p>\n\n\n\n<p class=\"wp-block-paragraph\">Kjo \u00ebsht\u00eb arsyeja pse, pavar\u00ebsisht \u00e7do lajmi t\u00eb mir\u00eb q\u00eb mund t\u00eb vij\u00eb nga Uashingtoni, problemi i PD-s\u00eb mbetet n\u00eb Tiran\u00eb.<\/p>\n\n\n\n<p class=\"wp-block-paragraph\">Edi Rama nuk largohet duke p\u00ebrs\u00ebritur t\u00eb shkuar\u00ebn. Largohet duke nd\u00ebrtuar nj\u00eb alternativ\u00eb q\u00eb shqiptar\u00ebt besojn\u00eb se mund ta z\u00ebvend\u00ebsoj\u00eb dhe sot, pengesa m\u00eb e madhe p\u00ebr k\u00ebt\u00eb alternativ\u00eb \u00ebsht\u00eb fakti q\u00eb PD-ja vazhdon t\u00eb mbahet peng i nj\u00eb beteje p\u00ebr t\u00eb shkuar\u00ebn, n\u00eb vend q\u00eb t\u00eb nd\u00ebrtoj\u00eb betej\u00ebn p\u00ebr t\u00eb ardhmen.<\/p>\n\n\n\n<p class=\"wp-block-paragraph\">Prandaj, ndoshta ky udh\u00ebtim \u00ebsht\u00eb nj\u00eb mund\u00ebsi, nj\u00eb mund\u00ebsi q\u00eb, larg zhurm\u00ebs s\u00eb p\u00ebrditshme, Sali Berisha t\u00eb reflektoj\u00eb p\u00ebr at\u00eb q\u00eb do i k\u00ebrkojn\u00eb, dor\u00ebheqjen!<\/p>\n\n\n\n<p class=\"wp-block-paragraph\">T\u00eb kuptoj\u00eb se historia e tij nuk mund t\u00eb jet\u00eb p\u00ebrgjithmon\u00eb historia e Partis\u00eb Demokratike.<\/p>\n\n\n\n<p class=\"wp-block-paragraph\">T\u00eb kuptoj\u00eb se nj\u00eb parti nuk mund t\u00eb jet\u00eb peng i nj\u00eb individi dhe t\u00eb kuptoj\u00eb se nj\u00eb dor\u00ebheqje dinjitoze nuk \u00ebsht\u00eb humbje personale, por mund t\u00eb jet\u00eb kontributi i fundit i madh politik p\u00ebr Shqip\u00ebrin\u00eb dhe PD-n\u00eb.<\/p>\n\n\n\n<p class=\"wp-block-paragraph\">N\u00ebse Berisha e do v\u00ebrtet Partin\u00eb Demokratike dhe ka interesin publik t\u00eb parin ai duhet t\u2019i jap\u00eb Partis\u00eb Demokratike at\u00eb q\u00eb nuk ia ka dh\u00ebn\u00eb dot deri tani; mund\u00ebsin\u00eb p\u00ebr t\u00eb fituar.<\/p>\n\n\n\n<p class=\"wp-block-paragraph\">Sepse Shqip\u00ebria ka nevoj\u00eb p\u00ebr nj\u00eb opozit\u00eb q\u00eb fiton, jo p\u00ebr nj\u00eb opozit\u00eb q\u00eb vet\u00ebm mbijeton.<\/p>\n\n\n\n<p class=\"wp-block-paragraph\">Koha p\u00ebr ndryshim \u00ebsht\u00eb tani! Edi Rama e ka humbur mb\u00ebshtetjen popullore, qytetar\u00ebt presin t\u00eb ndryshoj\u00eb opozita p\u00ebr t\u00eb larguar Ramen nj\u00eb or\u00eb e m\u00eb par\u00eb!<\/p>\n","protected":false},"excerpt":{"rendered":"<p>Ish-deputeti demokrat Ervin Salianji e ka cil\u00ebsuar si zhvillim pozitiv udh\u00ebtimin e Sali Berish\u00ebs drejt Shteteve t\u00eb Bashkuara, duke argumentuar se \u00e7do p\u00ebrpjekje p\u00ebr normalizimin e marr\u00ebdh\u00ebnieve t\u00eb opozit\u00ebs shqiptare me aleatin strategjik t\u00eb vendit \u00ebsht\u00eb n\u00eb interes t\u00eb Partis\u00eb Demokratike dhe Shqip\u00ebris\u00eb. Megjithat\u00eb, Salianji thekson se vizita nuk e zgjidh at\u00eb q\u00eb ai e [&hellip;]<\/p>\n","protected":false},"author":2013,"featured_media":430670,"comment_status":"closed","ping_status":"closed","sticky":false,"template":"","format":"standard","meta":{"footnotes":""},"categories":[241,5380,231,1454,235],"tags":[],"class_list":["post-430669","post","type-post","status-publish","format-standard","has-post-thumbnail","category-aktualitet","category-kryesore","category-lajme","category-politike","category-vendi"],"_links":{"self":[{"href":"https:\/\/zjarr.tv\/sq\/wp-json\/wp\/v2\/posts\/430669","targetHints":{"allow":["GET"]}}],"collection":[{"href":"https:\/\/zjarr.tv\/sq\/wp-json\/wp\/v2\/posts"}],"about":[{"href":"https:\/\/zjarr.tv\/sq\/wp-json\/wp\/v2\/types\/post"}],"author":[{"embeddable":true,"href":"https:\/\/zjarr.tv\/sq\/wp-json\/wp\/v2\/users\/2013"}],"replies":[{"embeddable":true,"href":"https:\/\/zjarr.tv\/sq\/wp-json\/wp\/v2\/comments?post=430669"}],"version-history":[{"count":1,"href":"https:\/\/zjarr.tv\/sq\/wp-json\/wp\/v2\/posts\/430669\/revisions"}],"predecessor-version":[{"id":430671,"href":"https:\/\/zjarr.tv\/sq\/wp-json\/wp\/v2\/posts\/430669\/revisions\/430671"}],"wp:featuredmedia":[{"embeddable":true,"href":"https:\/\/zjarr.tv\/sq\/wp-json\/wp\/v2\/media\/430670"}],"wp:attachment":[{"href":"https:\/\/zjarr.tv\/sq\/wp-json\/wp\/v2\/media?parent=430669"}],"wp:term":[{"taxonomy":"category","embeddable":true,"href":"https:\/\/zjarr.tv\/sq\/wp-json\/wp\/v2\/categories?post=430669"},{"taxonomy":"post_tag","embeddable":true,"href":"https:\/\/zjarr.tv\/sq\/wp-json\/wp\/v2\/tags?post=430669"}],"curies":[{"name":"wp","href":"https:\/\/api.w.org\/{rel}","templated":true}]}}