{"id":430674,"date":"2026-09-04T14:56:04","date_gmt":"2026-09-04T12:56:04","guid":{"rendered":"https:\/\/zjarr.tv\/?p=430674"},"modified":"2026-09-04T14:56:09","modified_gmt":"2026-09-04T12:56:09","slug":"zjarri-ne-radostine-te-fierit-del-jashte-kontrollit-flaket-perfshijne-pyllin-me-pisha-prane-liqenit-ne-qafen-e-koshovices-rrezikohen-dy-lokale","status":"publish","type":"post","link":"https:\/\/zjarr.tv\/sq\/zjarri-ne-radostine-te-fierit-del-jashte-kontrollit-flaket-perfshijne-pyllin-me-pisha-prane-liqenit-ne-qafen-e-koshovices-rrezikohen-dy-lokale\/","title":{"rendered":"Zjarri n\u00eb Radostin\u00eb t\u00eb Fierit del jasht\u00eb kontrollit\/ Flak\u00ebt p\u00ebrfshijn\u00eb pyllin me pisha pran\u00eb liqenit n\u00eb Qaf\u00ebn e Koshovic\u00ebs, rrezikohen dy lokale"},"content":{"rendered":"\n<p class=\"wp-block-paragraph\">Zjarri n\u00eb zon\u00ebn e Radostin\u00ebs n\u00eb Fier vijon t\u00eb jet\u00eb aktiv me intensitet t\u00eb lart\u00eb dhe situata raportohet e v\u00ebshtir\u00eb.<\/p>\n\n\n\n<p class=\"wp-block-paragraph\">Flak\u00ebt kan\u00eb p\u00ebrfshir\u00eb edhe pyllin me pisha pran\u00eb liqenit n\u00eb Qaf\u00ebn e Koshovic\u00ebs, nd\u00ebrsa n\u00eb rrezik jan\u00eb v\u00ebn\u00eb dy lokale q\u00eb ndodhen pran\u00eb zon\u00ebs s\u00eb p\u00ebrfshir\u00eb nga zjarri. Nd\u00ebrkoh\u00eb q\u00eb policia po b\u00ebn evakuim pronar\u00ebt e lokaleve k\u00ebrkojn\u00eb ndihm\u00eb dhe nd\u00ebrhyrje nga ajri.<\/p>\n\n\n\n<p class=\"wp-block-paragraph\">Sht\u00ebllunga t\u00eb m\u00ebdha tymi jan\u00eb p\u00ebrhapur n\u00eb zon\u00eb dhe jan\u00eb t\u00eb dukshme edhe nga qyteti i Fierit. Era dhe temperaturat e larta po favorizojn\u00eb p\u00ebrhapjen e flak\u00ebve.<\/p>\n\n\n\n<p class=\"wp-block-paragraph\">N\u00eb terren ndodhen 8 mjete zjarrfik\u00ebse dhe forca t\u00eb shumta, t\u00eb cilat po punojn\u00eb p\u00ebr izolimin dhe shuarjen e zjarrit.<\/p>\n\n\n\n<p class=\"wp-block-paragraph\">P\u00ebr shkak t\u00eb p\u00ebrmasave t\u00eb vatr\u00ebs \u00ebsht\u00eb k\u00ebrkuar edhe nd\u00ebrhyrja nga ajri. Pritet mb\u00ebrritja e nj\u00eb helikopteri p\u00ebr t\u00eb ndihmuar n\u00eb operacionin e shuarjes.<\/p>\n","protected":false},"excerpt":{"rendered":"<p>Zjarri n\u00eb zon\u00ebn e Radostin\u00ebs n\u00eb Fier vijon t\u00eb jet\u00eb aktiv me intensitet t\u00eb lart\u00eb dhe situata raportohet e v\u00ebshtir\u00eb. Flak\u00ebt kan\u00eb p\u00ebrfshir\u00eb edhe pyllin me pisha pran\u00eb liqenit n\u00eb Qaf\u00ebn e Koshovic\u00ebs, nd\u00ebrsa n\u00eb rrezik jan\u00eb v\u00ebn\u00eb dy lokale q\u00eb ndodhen pran\u00eb zon\u00ebs s\u00eb p\u00ebrfshir\u00eb nga zjarri. Nd\u00ebrkoh\u00eb q\u00eb policia po b\u00ebn evakuim pronar\u00ebt [&hellip;]<\/p>\n","protected":false},"author":2013,"featured_media":430675,"comment_status":"closed","ping_status":"closed","sticky":false,"template":"","format":"standard","meta":{"footnotes":""},"categories":[241,5380,231,235],"tags":[],"class_list":["post-430674","post","type-post","status-publish","format-standard","has-post-thumbnail","category-aktualitet","category-kryesore","category-lajme","category-vendi"],"_links":{"self":[{"href":"https:\/\/zjarr.tv\/sq\/wp-json\/wp\/v2\/posts\/430674","targetHints":{"allow":["GET"]}}],"collection":[{"href":"https:\/\/zjarr.tv\/sq\/wp-json\/wp\/v2\/posts"}],"about":[{"href":"https:\/\/zjarr.tv\/sq\/wp-json\/wp\/v2\/types\/post"}],"author":[{"embeddable":true,"href":"https:\/\/zjarr.tv\/sq\/wp-json\/wp\/v2\/users\/2013"}],"replies":[{"embeddable":true,"href":"https:\/\/zjarr.tv\/sq\/wp-json\/wp\/v2\/comments?post=430674"}],"version-history":[{"count":1,"href":"https:\/\/zjarr.tv\/sq\/wp-json\/wp\/v2\/posts\/430674\/revisions"}],"predecessor-version":[{"id":430676,"href":"https:\/\/zjarr.tv\/sq\/wp-json\/wp\/v2\/posts\/430674\/revisions\/430676"}],"wp:featuredmedia":[{"embeddable":true,"href":"https:\/\/zjarr.tv\/sq\/wp-json\/wp\/v2\/media\/430675"}],"wp:attachment":[{"href":"https:\/\/zjarr.tv\/sq\/wp-json\/wp\/v2\/media?parent=430674"}],"wp:term":[{"taxonomy":"category","embeddable":true,"href":"https:\/\/zjarr.tv\/sq\/wp-json\/wp\/v2\/categories?post=430674"},{"taxonomy":"post_tag","embeddable":true,"href":"https:\/\/zjarr.tv\/sq\/wp-json\/wp\/v2\/tags?post=430674"}],"curies":[{"name":"wp","href":"https:\/\/api.w.org\/{rel}","templated":true}]}}