{"id":430677,"date":"2026-09-05T09:34:48","date_gmt":"2026-09-05T07:34:48","guid":{"rendered":"https:\/\/zjarr.tv\/?p=430677"},"modified":"2026-09-05T09:34:52","modified_gmt":"2026-09-05T07:34:52","slug":"zjarri-ne-himare-deshmite-e-banoreve-flaket-mberriten-brenda-10-minutash-policia-na-nxori-nga-banesat","status":"publish","type":"post","link":"https:\/\/zjarr.tv\/sq\/zjarri-ne-himare-deshmite-e-banoreve-flaket-mberriten-brenda-10-minutash-policia-na-nxori-nga-banesat\/","title":{"rendered":"Zjarri n\u00eb Himar\u00eb, d\u00ebshmit\u00eb e banor\u00ebve: Flak\u00ebt mb\u00ebrrit\u00ebn brenda 10 minutash, policia na nxori nga banesat!"},"content":{"rendered":"\n<p class=\"wp-block-paragraph\">Banor\u00ebt e Himar\u00ebs kan\u00eb p\u00ebrjetuar momente paniku gjat\u00eb mbr\u00ebmjes s\u00eb djeshme, teksa zjarri masiv p\u00ebrfshiu zon\u00ebn dhe u afrua me shpejt\u00ebsi drejt banesave.<\/p>\n\n\n\n<p class=\"wp-block-paragraph\">Nj\u00eb prej banor\u00ebve e p\u00ebrshkruan situat\u00ebn si \u201ctmerr\u201d, nd\u00ebrsa nj\u00eb tjet\u00ebr tregon se flak\u00ebt u p\u00ebrhap\u00ebn me shpejt\u00ebsi dhe, p\u00ebr vet\u00ebm pak minuta, mb\u00ebrrit\u00ebn pran\u00eb banesave.<\/p>\n\n\n\n<p class=\"wp-block-paragraph\"><strong>Nj\u00eb qytetare rr\u00ebfen:<\/strong><\/p>\n\n\n\n<p class=\"wp-block-paragraph\">\u201cNuk e di si ndodhi. Erdhi zjarri nga lart, pak nga pak. Erdh\u00ebn polic\u00ebt dhe na nxor\u00ebn nga banesa. Zjarri ka ardhur p\u00ebr 10 minuta.\u201d<\/p>\n\n\n\n<p class=\"wp-block-paragraph\">Ajo tregon se nga flak\u00ebt jan\u00eb djegur edhe banesa t\u00eb banuara dhe se d\u00ebmet kan\u00eb qen\u00eb t\u00eb m\u00ebdha.<\/p>\n\n\n\n<p class=\"wp-block-paragraph\">\u201cSht\u00ebpi jan\u00eb djegur, ishin sht\u00ebpi t\u00eb banuara. \u00cbsht\u00eb p\u00ebrv\u00ebluar \u00e7do gj\u00eb. Policia na dha ndihm\u00ebn e par\u00eb dhe na ndihmuan\u201d, rr\u00ebfen banorja.<\/p>\n\n\n\n<p class=\"wp-block-paragraph\"><strong>Nd\u00ebrkoh\u00eb, nj\u00eb tjet\u00ebr qytetar e p\u00ebrshkruan mbr\u00ebmjen si nj\u00eb situat\u00eb t\u00eb jasht\u00ebzakonshme:<\/strong><\/p>\n\n\n\n<p class=\"wp-block-paragraph\">\u201cSituata mbr\u00ebm\u00eb ishte tmerr.\u201d<\/p>\n\n\n\n<p class=\"wp-block-paragraph\">Zjarri n\u00eb Himar\u00eb vijon t\u00eb jet\u00eb n\u00eb v\u00ebmendjen e autoriteteve, nd\u00ebrsa m\u00ebngjesin e sot\u00ebm ka nisur edhe nd\u00ebrhyrja nga ajri. Helikopter\u00ebt po hedhin uj\u00eb mbi vatrat aktive, nd\u00ebrsa n\u00eb terren vijojn\u00eb t\u00eb jen\u00eb t\u00eb angazhuara forcat zjarrfik\u00ebse dhe Forcat e Armatosura.<\/p>\n","protected":false},"excerpt":{"rendered":"<p>Banor\u00ebt e Himar\u00ebs kan\u00eb p\u00ebrjetuar momente paniku gjat\u00eb mbr\u00ebmjes s\u00eb djeshme, teksa zjarri masiv p\u00ebrfshiu zon\u00ebn dhe u afrua me shpejt\u00ebsi drejt banesave. Nj\u00eb prej banor\u00ebve e p\u00ebrshkruan situat\u00ebn si \u201ctmerr\u201d, nd\u00ebrsa nj\u00eb tjet\u00ebr tregon se flak\u00ebt u p\u00ebrhap\u00ebn me shpejt\u00ebsi dhe, p\u00ebr vet\u00ebm pak minuta, mb\u00ebrrit\u00ebn pran\u00eb banesave. Nj\u00eb qytetare rr\u00ebfen: \u201cNuk e di [&hellip;]<\/p>\n","protected":false},"author":2013,"featured_media":430678,"comment_status":"closed","ping_status":"closed","sticky":false,"template":"","format":"standard","meta":{"footnotes":""},"categories":[241,5380,231,235],"tags":[],"class_list":["post-430677","post","type-post","status-publish","format-standard","has-post-thumbnail","category-aktualitet","category-kryesore","category-lajme","category-vendi"],"_links":{"self":[{"href":"https:\/\/zjarr.tv\/sq\/wp-json\/wp\/v2\/posts\/430677","targetHints":{"allow":["GET"]}}],"collection":[{"href":"https:\/\/zjarr.tv\/sq\/wp-json\/wp\/v2\/posts"}],"about":[{"href":"https:\/\/zjarr.tv\/sq\/wp-json\/wp\/v2\/types\/post"}],"author":[{"embeddable":true,"href":"https:\/\/zjarr.tv\/sq\/wp-json\/wp\/v2\/users\/2013"}],"replies":[{"embeddable":true,"href":"https:\/\/zjarr.tv\/sq\/wp-json\/wp\/v2\/comments?post=430677"}],"version-history":[{"count":1,"href":"https:\/\/zjarr.tv\/sq\/wp-json\/wp\/v2\/posts\/430677\/revisions"}],"predecessor-version":[{"id":430679,"href":"https:\/\/zjarr.tv\/sq\/wp-json\/wp\/v2\/posts\/430677\/revisions\/430679"}],"wp:featuredmedia":[{"embeddable":true,"href":"https:\/\/zjarr.tv\/sq\/wp-json\/wp\/v2\/media\/430678"}],"wp:attachment":[{"href":"https:\/\/zjarr.tv\/sq\/wp-json\/wp\/v2\/media?parent=430677"}],"wp:term":[{"taxonomy":"category","embeddable":true,"href":"https:\/\/zjarr.tv\/sq\/wp-json\/wp\/v2\/categories?post=430677"},{"taxonomy":"post_tag","embeddable":true,"href":"https:\/\/zjarr.tv\/sq\/wp-json\/wp\/v2\/tags?post=430677"}],"curies":[{"name":"wp","href":"https:\/\/api.w.org\/{rel}","templated":true}]}}