{"id":430683,"date":"2026-09-05T10:48:47","date_gmt":"2026-09-05T08:48:47","guid":{"rendered":"https:\/\/zjarr.tv\/?p=430683"},"modified":"2026-09-05T10:48:51","modified_gmt":"2026-09-05T08:48:51","slug":"banesa-toke-dhe-ullinj-te-shkrumbuar-himara-nje-dite-pas-zjarrit","status":"publish","type":"post","link":"https:\/\/zjarr.tv\/sq\/banesa-toke-dhe-ullinj-te-shkrumbuar-himara-nje-dite-pas-zjarrit\/","title":{"rendered":"Banesa, tok\u00eb dhe ullinj t\u00eb shkrumbuar, Himara nj\u00eb dit\u00eb pas zjarrit"},"content":{"rendered":"\n<p class=\"wp-block-paragraph\">Me dhjet\u00ebra hektar\u00eb tok\u00eb t\u00eb shkrumbuara totalisht nga flak\u00ebt, qindra rr\u00ebnj\u00eb ullinj t\u00eb djegur dhe banesa t\u00eb shkrumbuara totalisht. \u00cbsht\u00eb kjo pamja m\u00ebngjesin e k\u00ebsaj t\u00eb shtune n\u00eb Himar\u00eb, pas nj\u00eb nate n\u00eb luft\u00eb me flak\u00ebt q\u00eb p\u00ebrfshin\u00eb kodrat pran\u00eb bypass-it dhe u p\u00ebrhap\u00ebn me shpejt\u00ebsi p\u00ebr shkak t\u00eb er\u00ebs s\u00eb fort\u00eb.<\/p>\n\n\n\n<p class=\"wp-block-paragraph\">Nga t\u00eb dh\u00ebnat e deritanishme raportohen se nga zjarri jan\u00eb 6 sht\u00ebpi t\u00eb konfirmuara t\u00eb djegura, 3 t\u00eb banuara dhe 3 t\u00eb pabanuara.<\/p>\n\n\n\n<p class=\"wp-block-paragraph\">Nga zjarri u rrezikuan edhe rreth 40 banesa t\u00eb tjera, nd\u00ebrsa flak\u00ebt p\u00ebrfshin\u00eb edhe sip\u00ebrfaqe me pem\u00ebtari.<\/p>\n\n\n\n<p class=\"wp-block-paragraph\">Terreni i v\u00ebshtir\u00eb dhe err\u00ebsira e b\u00ebn\u00eb edhe m\u00eb t\u00eb komplikuar nd\u00ebrhyrjen, nd\u00ebrsa autoritetet u k\u00ebrkuan banor\u00ebve dhe bizneseve pran\u00eb zon\u00ebs s\u00eb rrezikuar t\u00eb largoheshin p\u00ebr t\u00eb shmangur pasoja m\u00eb t\u00eb r\u00ebnda. Gjat\u00eb gjith\u00eb nat\u00ebs, zjarrfik\u00ebsit e Himar\u00ebs, t\u00eb mb\u00ebshtetur nga mbi 20 mjete t\u00eb ardhura nga qytete t\u00eb tjera, punuan p\u00ebr t\u00eb frenuar avancimin e flak\u00ebve drejt zonave t\u00eb banuara dhe nj\u00ebsive hoteliere.<\/p>\n\n\n\n<p class=\"wp-block-paragraph\">Me zbardhjen e dit\u00ebs ka nisur edhe nd\u00ebrhyrja nga ajri, paralelisht me operacionin q\u00eb vijon n\u00eb terren. Forcat e angazhuara po p\u00ebrqendrohen tashm\u00eb n\u00eb izolimin e vatrave t\u00eb mbetura dhe shmangien e riaktivizimit t\u00eb tyre.<\/p>\n\n\n\n<p class=\"wp-block-paragraph\">Situata aktualisht paraqitet m\u00eb e qet\u00eb dhe, sipas t\u00eb dh\u00ebnave nga terreni, nuk ka m\u00eb rrezik t\u00eb menj\u00ebhersh\u00ebm p\u00ebr banesat apo nj\u00ebsit\u00eb hoteliere. Megjithat\u00eb, operacioni vijon deri n\u00eb v\u00ebnien e plot\u00eb n\u00ebn kontroll t\u00eb zjarrit.<\/p>\n\n\n\n<p class=\"wp-block-paragraph\">Nd\u00ebrkoh\u00eb nj\u00eb helikopter i forcave t\u00eb armatosura merr uj\u00eb nga deti dhe shuan flak\u00ebt.<\/p>\n","protected":false},"excerpt":{"rendered":"<p>Me dhjet\u00ebra hektar\u00eb tok\u00eb t\u00eb shkrumbuara totalisht nga flak\u00ebt, qindra rr\u00ebnj\u00eb ullinj t\u00eb djegur dhe banesa t\u00eb shkrumbuara totalisht. \u00cbsht\u00eb kjo pamja m\u00ebngjesin e k\u00ebsaj t\u00eb shtune n\u00eb Himar\u00eb, pas nj\u00eb nate n\u00eb luft\u00eb me flak\u00ebt q\u00eb p\u00ebrfshin\u00eb kodrat pran\u00eb bypass-it dhe u p\u00ebrhap\u00ebn me shpejt\u00ebsi p\u00ebr shkak t\u00eb er\u00ebs s\u00eb fort\u00eb. Nga t\u00eb dh\u00ebnat [&hellip;]<\/p>\n","protected":false},"author":2013,"featured_media":430684,"comment_status":"closed","ping_status":"closed","sticky":false,"template":"","format":"standard","meta":{"footnotes":""},"categories":[241,5380,231,235],"tags":[],"class_list":["post-430683","post","type-post","status-publish","format-standard","has-post-thumbnail","category-aktualitet","category-kryesore","category-lajme","category-vendi"],"_links":{"self":[{"href":"https:\/\/zjarr.tv\/sq\/wp-json\/wp\/v2\/posts\/430683","targetHints":{"allow":["GET"]}}],"collection":[{"href":"https:\/\/zjarr.tv\/sq\/wp-json\/wp\/v2\/posts"}],"about":[{"href":"https:\/\/zjarr.tv\/sq\/wp-json\/wp\/v2\/types\/post"}],"author":[{"embeddable":true,"href":"https:\/\/zjarr.tv\/sq\/wp-json\/wp\/v2\/users\/2013"}],"replies":[{"embeddable":true,"href":"https:\/\/zjarr.tv\/sq\/wp-json\/wp\/v2\/comments?post=430683"}],"version-history":[{"count":1,"href":"https:\/\/zjarr.tv\/sq\/wp-json\/wp\/v2\/posts\/430683\/revisions"}],"predecessor-version":[{"id":430685,"href":"https:\/\/zjarr.tv\/sq\/wp-json\/wp\/v2\/posts\/430683\/revisions\/430685"}],"wp:featuredmedia":[{"embeddable":true,"href":"https:\/\/zjarr.tv\/sq\/wp-json\/wp\/v2\/media\/430684"}],"wp:attachment":[{"href":"https:\/\/zjarr.tv\/sq\/wp-json\/wp\/v2\/media?parent=430683"}],"wp:term":[{"taxonomy":"category","embeddable":true,"href":"https:\/\/zjarr.tv\/sq\/wp-json\/wp\/v2\/categories?post=430683"},{"taxonomy":"post_tag","embeddable":true,"href":"https:\/\/zjarr.tv\/sq\/wp-json\/wp\/v2\/tags?post=430683"}],"curies":[{"name":"wp","href":"https:\/\/api.w.org\/{rel}","templated":true}]}}