{"id":44050,"date":"2018-04-13T17:20:05","date_gmt":"2018-04-13T15:20:05","guid":{"rendered":"http:\/\/zjarr.tv\/?p=44050"},"modified":"2018-04-13T15:51:53","modified_gmt":"2018-04-13T13:51:53","slug":"vendosen-tra-ne-surrel-te-rinjte-e-opozites-shoqerohen-ne-komisariat","status":"publish","type":"post","link":"https:\/\/zjarr.tv\/sq\/vendosen-tra-ne-surrel-te-rinjte-e-opozites-shoqerohen-ne-komisariat\/","title":{"rendered":"Vendos\u00ebn tra n\u00eb Surrel! T\u00eb rinjt\u00eb e opozit\u00ebs shoq\u00ebrohen n\u00eb Komisariat"},"content":{"rendered":"<p>Pas bllokimit t\u00eb akseve komb\u00ebtare dhe t\u00eb Kuvendit, protesta e opozit\u00ebs \u00ebsht\u00eb zhvendosur n\u00eb Surrel, pik\u00ebrisht n\u00eb rrug\u00ebn q\u00eb t\u00eb \u00e7on n\u00eb sht\u00ebpin\u00eb e Kryeministrit Edi Rama.T\u00eb rinj t\u00eb Partis\u00eb Demokratike dhe t\u00eb L\u00ebvizjes Socialiste p\u00ebr Integrim u tubuan n\u00eb k\u00ebt\u00eb rrug\u00eb, ku n\u00eb shenj\u00eb simbolike kund\u00ebr vendimit t\u00eb qeveris\u00eb p\u00ebr t\u00eb b\u00ebr\u00eb me pages\u00eb Rrug\u00ebn e Kombit, vendos\u00ebn nj\u00eb tra me mbishkrimin \u201cDalja falas\u201d. Kryetari i FRPD-s\u00eb, Belind K\u00eblli\u00e7i dhe Kryetarja e LRI-s\u00eb, Floida K\u00ebrpa\u00e7i u shoq\u00ebrohen n\u00eb Komisariatin e Policis\u00eb nr.4 n\u00eb Tiran\u00ebs pas vendosjes s\u00eb traut pran\u00eb sht\u00ebpis\u00eb s\u00eb Kryeministrit Rama. T\u00eb rinj t\u00eb Partis\u00eb Demokratike dhe t\u00eb L\u00ebvizjes Socialiste p\u00ebr Integrim u tubuan n\u00eb k\u00ebt\u00eb aks, ku n\u00eb shenj\u00eb simbolike kund\u00ebr vendimit t\u00eb qeveris\u00eb p\u00ebr t\u00eb b\u00ebr\u00eb me pages\u00eb Rrug\u00ebn e Kombit, vendos\u00ebn nj\u00eb tra.<\/p>\n<p>&nbsp;<\/p>\n","protected":false},"excerpt":{"rendered":"<p>Pas bllokimit t\u00eb akseve komb\u00ebtare dhe t\u00eb Kuvendit, protesta e opozit\u00ebs \u00ebsht\u00eb zhvendosur n\u00eb Surrel, pik\u00ebrisht n\u00eb rrug\u00ebn q\u00eb t\u00eb \u00e7on n\u00eb sht\u00ebpin\u00eb e Kryeministrit Edi Rama.T\u00eb rinj t\u00eb Partis\u00eb Demokratike dhe t\u00eb L\u00ebvizjes Socialiste p\u00ebr Integrim u tubuan n\u00eb k\u00ebt\u00eb rrug\u00eb, ku n\u00eb shenj\u00eb simbolike kund\u00ebr vendimit t\u00eb qeveris\u00eb p\u00ebr t\u00eb b\u00ebr\u00eb me pages\u00eb [&hellip;]<\/p>\n","protected":false},"author":2044,"featured_media":0,"comment_status":"closed","ping_status":"closed","sticky":false,"template":"","format":"standard","meta":{"footnotes":""},"categories":[198,241,231,235],"tags":[],"class_list":{"0":"post-44050","1":"post","2":"type-post","3":"status-publish","4":"format-standard","6":"category-360-grade","7":"category-aktualitet","8":"category-lajme","9":"category-vendi"},"_links":{"self":[{"href":"https:\/\/zjarr.tv\/sq\/wp-json\/wp\/v2\/posts\/44050","targetHints":{"allow":["GET"]}}],"collection":[{"href":"https:\/\/zjarr.tv\/sq\/wp-json\/wp\/v2\/posts"}],"about":[{"href":"https:\/\/zjarr.tv\/sq\/wp-json\/wp\/v2\/types\/post"}],"author":[{"embeddable":true,"href":"https:\/\/zjarr.tv\/sq\/wp-json\/wp\/v2\/users\/2044"}],"replies":[{"embeddable":true,"href":"https:\/\/zjarr.tv\/sq\/wp-json\/wp\/v2\/comments?post=44050"}],"version-history":[{"count":0,"href":"https:\/\/zjarr.tv\/sq\/wp-json\/wp\/v2\/posts\/44050\/revisions"}],"wp:attachment":[{"href":"https:\/\/zjarr.tv\/sq\/wp-json\/wp\/v2\/media?parent=44050"}],"wp:term":[{"taxonomy":"category","embeddable":true,"href":"https:\/\/zjarr.tv\/sq\/wp-json\/wp\/v2\/categories?post=44050"},{"taxonomy":"post_tag","embeddable":true,"href":"https:\/\/zjarr.tv\/sq\/wp-json\/wp\/v2\/tags?post=44050"}],"curies":[{"name":"wp","href":"https:\/\/api.w.org\/{rel}","templated":true}]}}