{"id":44065,"date":"2018-04-14T22:10:38","date_gmt":"2018-04-14T20:10:38","guid":{"rendered":"http:\/\/zjarr.tv\/?p=44065"},"modified":"2018-04-15T02:16:25","modified_gmt":"2018-04-15T00:16:25","slug":"360-grade-deputeti-i-pd-bardh-spahiu-rama-anuloji-nga-frika-viziten-ne-shkoder","status":"publish","type":"post","link":"https:\/\/zjarr.tv\/sq\/360-grade-deputeti-i-pd-bardh-spahiu-rama-anuloji-nga-frika-viziten-ne-shkoder\/","title":{"rendered":"360\u00b0 Grad\u00eb -DEPUTETI I PD BARDH SPAHIU RAMA ANULOJI NGA FRIKA VIZIT\u00cbN N\u00cb SHKOD\u00cbR"},"content":{"rendered":"<p>Nga ana e tij, deputeti i PD n\u00eb Qarkun e Shkodr\u00ebs, Bardh Spahia i cili ishte me protestuesit, postoi edhe nj\u00eb video n\u00eb Facebook, nga ku deklaroi se kryeministri Rama kishte anuluar vizit\u00ebn nga frika.<\/p>\n<p><iframe loading=\"lazy\" width=\"640\" height=\"480\" id=\"am__1130051\" frameborder=\"0\" allowfullscreen scrolling=\"no\" src=\"https:\/\/e.abingmedia.com\/v\/29\/1130051.html\"><\/iframe><script async src=\"https:\/\/e.abingmedia.com\/am__loadplayer_v2.js\">{\"videoid\": \"1130051\", \"sid\":\"29\"}<\/script><\/p>\n","protected":false},"excerpt":{"rendered":"<p>Nga ana e tij, deputeti i PD n\u00eb Qarkun e Shkodr\u00ebs, Bardh Spahia i cili ishte me protestuesit, postoi edhe nj\u00eb video n\u00eb Facebook, nga ku deklaroi se kryeministri Rama kishte anuluar vizit\u00ebn nga frika.<\/p>\n","protected":false},"author":2044,"featured_media":0,"comment_status":"closed","ping_status":"closed","sticky":false,"template":"","format":"standard","meta":{"footnotes":""},"categories":[198,241,231,1,235],"tags":[],"class_list":{"0":"post-44065","1":"post","2":"type-post","3":"status-publish","4":"format-standard","6":"category-360-grade","7":"category-aktualitet","8":"category-lajme","9":"category-uncategorized-sq","10":"category-vendi"},"_links":{"self":[{"href":"https:\/\/zjarr.tv\/sq\/wp-json\/wp\/v2\/posts\/44065","targetHints":{"allow":["GET"]}}],"collection":[{"href":"https:\/\/zjarr.tv\/sq\/wp-json\/wp\/v2\/posts"}],"about":[{"href":"https:\/\/zjarr.tv\/sq\/wp-json\/wp\/v2\/types\/post"}],"author":[{"embeddable":true,"href":"https:\/\/zjarr.tv\/sq\/wp-json\/wp\/v2\/users\/2044"}],"replies":[{"embeddable":true,"href":"https:\/\/zjarr.tv\/sq\/wp-json\/wp\/v2\/comments?post=44065"}],"version-history":[{"count":0,"href":"https:\/\/zjarr.tv\/sq\/wp-json\/wp\/v2\/posts\/44065\/revisions"}],"wp:attachment":[{"href":"https:\/\/zjarr.tv\/sq\/wp-json\/wp\/v2\/media?parent=44065"}],"wp:term":[{"taxonomy":"category","embeddable":true,"href":"https:\/\/zjarr.tv\/sq\/wp-json\/wp\/v2\/categories?post=44065"},{"taxonomy":"post_tag","embeddable":true,"href":"https:\/\/zjarr.tv\/sq\/wp-json\/wp\/v2\/tags?post=44065"}],"curies":[{"name":"wp","href":"https:\/\/api.w.org\/{rel}","templated":true}]}}