{"id":44125,"date":"2018-04-16T14:20:15","date_gmt":"2018-04-16T12:20:15","guid":{"rendered":"http:\/\/zjarr.tv\/?p=44125"},"modified":"2018-04-16T14:09:07","modified_gmt":"2018-04-16T12:09:07","slug":"paloka-flake-per-flake-xhafes-a-e-ke-regjistruar-grupin-e-qazim-sejdinit-po-vellain-tend-e-ke-skeduar","status":"publish","type":"post","link":"https:\/\/zjarr.tv\/sq\/paloka-flake-per-flake-xhafes-a-e-ke-regjistruar-grupin-e-qazim-sejdinit-po-vellain-tend-e-ke-skeduar\/","title":{"rendered":"Paloka \u2018flak\u00eb p\u00ebr flak\u00eb\u2019 Xhaf\u00ebs: A e ke regjistruar grupin e Qazim Sejdinit? Po v\u00ebllain t\u00ebnd e ke skeduar?"},"content":{"rendered":"<p>Pas daljes s\u00eb ministrit t\u00eb Brendsh\u00ebm, Fatmir Xhaf\u00ebs ku foli mbi arritjet q\u00eb ka sh\u00ebnuar kjo ministri dhe policia e shtetit ka reaguar, deputeti i PD-s\u00eb Edi Paloka.<\/p>\n<p>Paloka \u00ebsht\u00eb shprehur edhe se \u00ebsht\u00eb gj\u00eb e mir\u00eb q\u00eb, pas 5 vjet\u00ebsh n\u00eb pushtet qeveria ka skeduluar grupet kriminale, por ky \u00ebsht\u00eb vet\u00ebm nj\u00eb film.<\/p>\n<p>M\u00eb pas Paloka ka ngritur disa pyetje p\u00ebr ministrin Xhafa, ku m\u00eb kryesoret jan\u00eb n\u00ebse ka regjistruar grupet e Qazim Sejdinit dhe n\u00ebse e ka skeduluar v\u00ebllain e tij.<\/p>\n<p>\u201cA e ka skeduar t\u00eb v\u00ebllain Agron Xhafaj, t\u00eb d\u00ebnuar n\u00eb Itali per trafik nd\u00ebrkomb\u00ebtar kokaine dhe aktualisht \u00ebsht\u00eb nj\u00eb nga kokat e trafikut t\u00eb drog\u00ebs n\u00eb Vlor\u00eb? A e ka skeduar grupin e Arb\u00ebr \u00c7ekaj, t\u00eb drog\u00ebs kolumbiane, ku b\u00ebn pjes\u00eb edhe Olsi Rama, v\u00ebllai i kryeministrit? A e ka regjistruar grupin e Qazim Sejdinit dhe dh\u00ebndrit t\u00eb tij n\u00eb Elbasan, ku p\u00ebrfshihet edhe kompania e gruas s\u00eb Sejdinit, q\u00eb \u00ebsht\u00eb n\u00ebn hetim p\u00ebr trafik droge? A e ka rregjistruar grupin e Lulzim Berish\u00ebs dhe Emiljano Shullazit? N\u00ebse v\u00ebrtet do q\u00eb t\u00eb luftoj\u00eb krimin e organizuar dhe lidhjet me qeverin\u00eb e Ram\u00ebs, p\u00ebrgjigjet p\u00ebr k\u00ebto pyetje Fatmir Xhafaj duhet t\u2019i b\u00ebj\u00eb publike dhe t\u2019i k\u00ebrkoj\u00eb ndihm\u00eb \u00e7do qytetari q\u00eb ta ndihmoj\u00eb\u201d- \u00ebsht\u00eb shprehur Paloka.<\/p>\n<p>Por Paloka nuk ka l\u00ebn\u00eb pa p\u00ebrmendur edhe v\u00ebllain e kryeminstrit, Olsi Ram\u00ebn p\u00ebr t\u00eb cilin shprehet se \u00ebsht\u00eb pjes\u00eb e grupit kriminal t\u00eb Arb\u00ebr \u00c7ekaj.<\/p>\n<p><img decoding=\"async\" src=\"https:\/\/hashtag.al\/wp-content\/uploads\/2018\/03\/auto_edi_paloka1505896600.jpg\" \/><\/p>\n","protected":false},"excerpt":{"rendered":"<p>Pas daljes s\u00eb ministrit t\u00eb Brendsh\u00ebm, Fatmir Xhaf\u00ebs ku foli mbi arritjet q\u00eb ka sh\u00ebnuar kjo ministri dhe policia e shtetit ka reaguar, deputeti i PD-s\u00eb Edi Paloka. Paloka \u00ebsht\u00eb shprehur edhe se \u00ebsht\u00eb gj\u00eb e mir\u00eb q\u00eb, pas 5 vjet\u00ebsh n\u00eb pushtet qeveria ka skeduluar grupet kriminale, por ky \u00ebsht\u00eb vet\u00ebm nj\u00eb film. M\u00eb [&hellip;]<\/p>\n","protected":false},"author":2044,"featured_media":0,"comment_status":"closed","ping_status":"closed","sticky":false,"template":"","format":"standard","meta":{"footnotes":""},"categories":[198,241,231,235],"tags":[],"class_list":{"0":"post-44125","1":"post","2":"type-post","3":"status-publish","4":"format-standard","6":"category-360-grade","7":"category-aktualitet","8":"category-lajme","9":"category-vendi"},"_links":{"self":[{"href":"https:\/\/zjarr.tv\/sq\/wp-json\/wp\/v2\/posts\/44125","targetHints":{"allow":["GET"]}}],"collection":[{"href":"https:\/\/zjarr.tv\/sq\/wp-json\/wp\/v2\/posts"}],"about":[{"href":"https:\/\/zjarr.tv\/sq\/wp-json\/wp\/v2\/types\/post"}],"author":[{"embeddable":true,"href":"https:\/\/zjarr.tv\/sq\/wp-json\/wp\/v2\/users\/2044"}],"replies":[{"embeddable":true,"href":"https:\/\/zjarr.tv\/sq\/wp-json\/wp\/v2\/comments?post=44125"}],"version-history":[{"count":0,"href":"https:\/\/zjarr.tv\/sq\/wp-json\/wp\/v2\/posts\/44125\/revisions"}],"wp:attachment":[{"href":"https:\/\/zjarr.tv\/sq\/wp-json\/wp\/v2\/media?parent=44125"}],"wp:term":[{"taxonomy":"category","embeddable":true,"href":"https:\/\/zjarr.tv\/sq\/wp-json\/wp\/v2\/categories?post=44125"},{"taxonomy":"post_tag","embeddable":true,"href":"https:\/\/zjarr.tv\/sq\/wp-json\/wp\/v2\/tags?post=44125"}],"curies":[{"name":"wp","href":"https:\/\/api.w.org\/{rel}","templated":true}]}}