{"id":44128,"date":"2018-04-16T21:42:11","date_gmt":"2018-04-16T19:42:11","guid":{"rendered":"http:\/\/zjarr.tv\/?p=44128"},"modified":"2018-04-16T21:41:28","modified_gmt":"2018-04-16T19:41:28","slug":"pd-akuza-te-ashpra-rames-policia-dhe-prokoruria-jote-rrembyen-kuksianet-sdo-kesh-qetesi","status":"publish","type":"post","link":"https:\/\/zjarr.tv\/sq\/pd-akuza-te-ashpra-rames-policia-dhe-prokoruria-jote-rrembyen-kuksianet-sdo-kesh-qetesi\/","title":{"rendered":"PD akuza t\u00eb ashpra Ram\u00ebs: Policia dhe prokoruria jote rr\u00ebmbyen kuksian\u00ebt, s\u2019do kesh qet\u00ebsi"},"content":{"rendered":"<p>Partia Demokratike ka akuzuar kryeministrin Rama, policin\u00eb dhe prokurorin\u00eb p\u00ebr arrestimet e kuksian\u00ebve, duke k\u00ebrkuar lirimin e menj\u00ebhersh\u00ebm 11 qytetar\u00ebve q\u00eb mbahen ende n\u00eb burg.<\/p>\n<p>N\u00eb nj\u00eb dalje p\u00ebr mediat nga selia blu, kreu i grupit parlamentar t\u00eb PD-s\u00eb, Paloka, ka akuzuar ashp\u00ebr policin\u00eb p\u00ebr arrestimet e paligjshme n\u00eb mes t\u00eb nat\u00ebs si dhe prokurorin\u00eb p\u00ebr falsikimin e dokumenteve t\u00eb ndalimit t\u00eb 23 kuksian\u00ebve.<\/p>\n<p><em>\u201cPolicia dhe prokuroria politike e Edi Ram\u00ebs. Qytetar\u00ebt e Kuk\u00ebsit jan\u00eb rr\u00ebmbyer n\u00eb sht\u00ebpit\u00eb e tyre n\u00eb mes t\u00eb nat\u00ebs dhe n\u00eb m\u00ebnyr\u00ebn m\u00eb shtazore q\u00eb mund t\u00eb b\u00ebhet. Asnj\u00eb shtet kriminal dhe diktatorial nuk mund ta b\u00ebj\u00ebt\u00eb k\u00ebt\u00eb. Prokuroria q\u00eb \u00ebsht\u00eb n\u00eb duart e Ram\u00ebs falsifikoi orarin e arrestimit t\u00eb kuksian\u00ebve. Guxuan ta b\u00ebjn\u00eb k\u00ebta q\u00eb sot dalin n\u00eb krah t\u00eb bandit\u00ebve dhe mbrojn\u00eb bandit\u00ebn, nuk do ket\u00eb qet\u00ebsi p\u00ebr Ram\u00ebn derisa t\u00eb lirohen nga burgu. Ne si opozit\u00eb n\u00eb \u00e7do moment do jemi n\u00eb krah t\u00eb kuksian\u00ebve.\u201d<\/em><\/p>\n<p><iframe loading=\"lazy\" id=\"am__1130169\" src=\"https:\/\/e.abingmedia.com\/v\/29\/1130169.html\" width=\"640\" height=\"480\" frameborder=\"0\" scrolling=\"no\" allowfullscreen=\"allowfullscreen\"><\/iframe><script async src=\"https:\/\/e.abingmedia.com\/am__loadplayer_v2.js\">{\"videoid\": \"1130169\", \"sid\":\"29\"}<\/script><\/p>\n","protected":false},"excerpt":{"rendered":"<p>Partia Demokratike ka akuzuar kryeministrin Rama, policin\u00eb dhe prokurorin\u00eb p\u00ebr arrestimet e kuksian\u00ebve, duke k\u00ebrkuar lirimin e menj\u00ebhersh\u00ebm 11 qytetar\u00ebve q\u00eb mbahen ende n\u00eb burg. N\u00eb nj\u00eb dalje p\u00ebr mediat nga selia blu, kreu i grupit parlamentar t\u00eb PD-s\u00eb, Paloka, ka akuzuar ashp\u00ebr policin\u00eb p\u00ebr arrestimet e paligjshme n\u00eb mes t\u00eb nat\u00ebs si dhe prokurorin\u00eb [&hellip;]<\/p>\n","protected":false},"author":2044,"featured_media":0,"comment_status":"closed","ping_status":"closed","sticky":false,"template":"","format":"standard","meta":{"footnotes":""},"categories":[198,241,231,1,235],"tags":[],"class_list":{"0":"post-44128","1":"post","2":"type-post","3":"status-publish","4":"format-standard","6":"category-360-grade","7":"category-aktualitet","8":"category-lajme","9":"category-uncategorized-sq","10":"category-vendi"},"_links":{"self":[{"href":"https:\/\/zjarr.tv\/sq\/wp-json\/wp\/v2\/posts\/44128","targetHints":{"allow":["GET"]}}],"collection":[{"href":"https:\/\/zjarr.tv\/sq\/wp-json\/wp\/v2\/posts"}],"about":[{"href":"https:\/\/zjarr.tv\/sq\/wp-json\/wp\/v2\/types\/post"}],"author":[{"embeddable":true,"href":"https:\/\/zjarr.tv\/sq\/wp-json\/wp\/v2\/users\/2044"}],"replies":[{"embeddable":true,"href":"https:\/\/zjarr.tv\/sq\/wp-json\/wp\/v2\/comments?post=44128"}],"version-history":[{"count":0,"href":"https:\/\/zjarr.tv\/sq\/wp-json\/wp\/v2\/posts\/44128\/revisions"}],"wp:attachment":[{"href":"https:\/\/zjarr.tv\/sq\/wp-json\/wp\/v2\/media?parent=44128"}],"wp:term":[{"taxonomy":"category","embeddable":true,"href":"https:\/\/zjarr.tv\/sq\/wp-json\/wp\/v2\/categories?post=44128"},{"taxonomy":"post_tag","embeddable":true,"href":"https:\/\/zjarr.tv\/sq\/wp-json\/wp\/v2\/tags?post=44128"}],"curies":[{"name":"wp","href":"https:\/\/api.w.org\/{rel}","templated":true}]}}