{"id":44131,"date":"2018-04-16T15:00:02","date_gmt":"2018-04-16T13:00:02","guid":{"rendered":"http:\/\/zjarr.tv\/?p=44131"},"modified":"2018-04-16T14:14:09","modified_gmt":"2018-04-16T12:14:09","slug":"hipoteka-e-pogradecit-nuk-u-ofron-sherbim-qytetaret-thyejne-xhamat","status":"publish","type":"post","link":"https:\/\/zjarr.tv\/sq\/hipoteka-e-pogradecit-nuk-u-ofron-sherbim-qytetaret-thyejne-xhamat\/","title":{"rendered":"Hipoteka e Pogradecit nuk u ofron sh\u00ebrbim, qytetar\u00ebt thyejn\u00eb xhamat"},"content":{"rendered":"<p>Gjat\u00eb dit\u00ebs s\u00eb sotme xhamat e hipotek\u00ebs n\u00eb qytetin e Pogradecit jan\u00eb thyer. Sipas policis\u00eb para k\u00ebtij institucioni ka pasur rradh\u00eb t\u00eb gjata t\u00eb qytetar\u00ebve , t\u00eb cil\u00ebve nuk u jan\u00eb ofruar sh\u00ebrbimet e duhura.<\/p>\n<p>M\u00ebsohet edhe se policia \u00ebsht\u00eb ende n\u00eb vendin e ngjarjes, p\u00ebr t\u00eb marr\u00eb deklarat\u00a0 e plota t\u00eb qytetar\u00ebve dhe p\u00ebr t\u00eb kuptuar se \u00e7\u2019ka ndodhur.<\/p>\n<p>Para k\u00ebtij institucioni ka pasur radh\u00eb t\u00eb gjata dhe mesa duket qyetar\u00ebve u \u00ebsht\u00eb sosur durimi nga pritja.<\/p>\n<p><img loading=\"lazy\" decoding=\"async\" class=\"aligncenter wp-image-181785 size-full\" src=\"https:\/\/hashtag.al\/wp-content\/uploads\/2018\/04\/hotel-kalaja-c1200x600.jpg\" sizes=\"auto, (max-width: 1200px) 100vw, 1200px\" srcset=\"https:\/\/hashtag.al\/wp-content\/uploads\/2018\/04\/hotel-kalaja-c1200x600.jpg 1200w, https:\/\/hashtag.al\/wp-content\/uploads\/2018\/04\/hotel-kalaja-c1200x600-300x150.jpg 300w, https:\/\/hashtag.al\/wp-content\/uploads\/2018\/04\/hotel-kalaja-c1200x600-768x384.jpg 768w, https:\/\/hashtag.al\/wp-content\/uploads\/2018\/04\/hotel-kalaja-c1200x600-1024x512.jpg 1024w\" alt=\"\" width=\"1200\" height=\"600\" \/><\/p>\n","protected":false},"excerpt":{"rendered":"<p>Gjat\u00eb dit\u00ebs s\u00eb sotme xhamat e hipotek\u00ebs n\u00eb qytetin e Pogradecit jan\u00eb thyer. Sipas policis\u00eb para k\u00ebtij institucioni ka pasur rradh\u00eb t\u00eb gjata t\u00eb qytetar\u00ebve , t\u00eb cil\u00ebve nuk u jan\u00eb ofruar sh\u00ebrbimet e duhura. M\u00ebsohet edhe se policia \u00ebsht\u00eb ende n\u00eb vendin e ngjarjes, p\u00ebr t\u00eb marr\u00eb deklarat\u00a0 e plota t\u00eb qytetar\u00ebve dhe p\u00ebr [&hellip;]<\/p>\n","protected":false},"author":2044,"featured_media":0,"comment_status":"closed","ping_status":"closed","sticky":false,"template":"","format":"standard","meta":{"footnotes":""},"categories":[1],"tags":[],"class_list":{"0":"post-44131","1":"post","2":"type-post","3":"status-publish","4":"format-standard","6":"category-uncategorized-sq"},"_links":{"self":[{"href":"https:\/\/zjarr.tv\/sq\/wp-json\/wp\/v2\/posts\/44131","targetHints":{"allow":["GET"]}}],"collection":[{"href":"https:\/\/zjarr.tv\/sq\/wp-json\/wp\/v2\/posts"}],"about":[{"href":"https:\/\/zjarr.tv\/sq\/wp-json\/wp\/v2\/types\/post"}],"author":[{"embeddable":true,"href":"https:\/\/zjarr.tv\/sq\/wp-json\/wp\/v2\/users\/2044"}],"replies":[{"embeddable":true,"href":"https:\/\/zjarr.tv\/sq\/wp-json\/wp\/v2\/comments?post=44131"}],"version-history":[{"count":0,"href":"https:\/\/zjarr.tv\/sq\/wp-json\/wp\/v2\/posts\/44131\/revisions"}],"wp:attachment":[{"href":"https:\/\/zjarr.tv\/sq\/wp-json\/wp\/v2\/media?parent=44131"}],"wp:term":[{"taxonomy":"category","embeddable":true,"href":"https:\/\/zjarr.tv\/sq\/wp-json\/wp\/v2\/categories?post=44131"},{"taxonomy":"post_tag","embeddable":true,"href":"https:\/\/zjarr.tv\/sq\/wp-json\/wp\/v2\/tags?post=44131"}],"curies":[{"name":"wp","href":"https:\/\/api.w.org\/{rel}","templated":true}]}}