{"id":44134,"date":"2018-04-16T15:20:12","date_gmt":"2018-04-16T13:20:12","guid":{"rendered":"http:\/\/zjarr.tv\/?p=44134"},"modified":"2018-04-16T14:15:06","modified_gmt":"2018-04-16T12:15:06","slug":"zhduket-ne-menyre-te-mistershme-17-vjecarja-shqiptare-ne-irlande-asnje-gjurme-prej-saj-qe-prej-5-ditesh","status":"publish","type":"post","link":"https:\/\/zjarr.tv\/sq\/zhduket-ne-menyre-te-mistershme-17-vjecarja-shqiptare-ne-irlande-asnje-gjurme-prej-saj-qe-prej-5-ditesh\/","title":{"rendered":"Zhduket n\u00eb m\u00ebnyr\u00eb t\u00eb mistershme 17-vje\u00e7arja shqiptare n\u00eb Irland\u00eb, asnj\u00eb gjurm\u00eb prej saj q\u00eb prej 5 dit\u00ebsh"},"content":{"rendered":"<p>Olta Dodaj \u00ebsht\u00eb emri i 17-vje\u00e7ares, e cila rezulton e zhdukur q\u00eb prej dat\u00ebs 11 prill n\u00eb Irland\u00eb. 17- vje\u00e7arja \u00ebsht\u00eb par\u00eb p\u00ebr her\u00eb t\u00eb fundit dit\u00ebn e m\u00ebrkur\u00eb n\u00eb or\u00ebn 14 e 45-s\u00eb n\u00eb \u201cNew Brige\u201d.<\/p>\n<p>Lajmi p\u00ebr zhdukjen e 17-vje\u00e7ares \u00ebsht\u00eb publikuar pothuajse n\u00eb \u00e7do media n\u00eb Iralnd\u00eb. Zhdukja e saj \u00ebsht\u00eb cil\u00ebsuar si nj\u00eb mister. Ajo \u00ebsht\u00eb\u00a0 gjat\u00eb 160 centimetra, ka flok\u00eb n\u00eb ngjyr\u00eb kafe dhe sy po n\u00eb ngjyr\u00ebn kafe ka shkuar \u201cThe Irish Time\u201d.<\/p>\n<p>Her\u00ebn e fundit q\u00eb \u00ebsht\u00eb par\u00eb Olta mbante t\u00eb veshur nj\u00eb xhaket\u00eb roz\u00eb, xhinse t\u00eb err\u00ebta dhe conversa.\u00a0 Prind\u00ebrit jan\u00eb shprehur se nuk kan\u00eb pasur debate me vajz\u00ebn e tyre dhe se jan\u00eb n\u00eb merak sepse kan\u00eb frik\u00eb nga m\u00eb e keqa.<\/p>\n<p>Policia\u00a0 irlandeze ka kontrrolluar edhe n\u00eb vendet q\u00eb frekuentohen nga komuniteti shqiptar, por nuk ka asgj\u00eb gjurm\u00eb nga 17- vje\u00e7arja.<\/p>\n<p><img loading=\"lazy\" decoding=\"async\" class=\"aligncenter wp-image-181771 size-full\" src=\"https:\/\/hashtag.al\/wp-content\/uploads\/2018\/04\/olta-dedaj.jpg\" sizes=\"auto, (max-width: 620px) 100vw, 620px\" srcset=\"https:\/\/hashtag.al\/wp-content\/uploads\/2018\/04\/olta-dedaj.jpg 620w, https:\/\/hashtag.al\/wp-content\/uploads\/2018\/04\/olta-dedaj-300x160.jpg 300w\" alt=\"\" width=\"620\" height=\"330\" \/><\/p>\n","protected":false},"excerpt":{"rendered":"<p>Olta Dodaj \u00ebsht\u00eb emri i 17-vje\u00e7ares, e cila rezulton e zhdukur q\u00eb prej dat\u00ebs 11 prill n\u00eb Irland\u00eb. 17- vje\u00e7arja \u00ebsht\u00eb par\u00eb p\u00ebr her\u00eb t\u00eb fundit dit\u00ebn e m\u00ebrkur\u00eb n\u00eb or\u00ebn 14 e 45-s\u00eb n\u00eb \u201cNew Brige\u201d. Lajmi p\u00ebr zhdukjen e 17-vje\u00e7ares \u00ebsht\u00eb publikuar pothuajse n\u00eb \u00e7do media n\u00eb Iralnd\u00eb. Zhdukja e saj \u00ebsht\u00eb cil\u00ebsuar [&hellip;]<\/p>\n","protected":false},"author":2044,"featured_media":0,"comment_status":"closed","ping_status":"closed","sticky":false,"template":"","format":"standard","meta":{"footnotes":""},"categories":[198,241,191,231,235],"tags":[],"class_list":{"0":"post-44134","1":"post","2":"type-post","3":"status-publish","4":"format-standard","6":"category-360-grade","7":"category-aktualitet","8":"category-bota","9":"category-lajme","10":"category-vendi"},"_links":{"self":[{"href":"https:\/\/zjarr.tv\/sq\/wp-json\/wp\/v2\/posts\/44134","targetHints":{"allow":["GET"]}}],"collection":[{"href":"https:\/\/zjarr.tv\/sq\/wp-json\/wp\/v2\/posts"}],"about":[{"href":"https:\/\/zjarr.tv\/sq\/wp-json\/wp\/v2\/types\/post"}],"author":[{"embeddable":true,"href":"https:\/\/zjarr.tv\/sq\/wp-json\/wp\/v2\/users\/2044"}],"replies":[{"embeddable":true,"href":"https:\/\/zjarr.tv\/sq\/wp-json\/wp\/v2\/comments?post=44134"}],"version-history":[{"count":0,"href":"https:\/\/zjarr.tv\/sq\/wp-json\/wp\/v2\/posts\/44134\/revisions"}],"wp:attachment":[{"href":"https:\/\/zjarr.tv\/sq\/wp-json\/wp\/v2\/media?parent=44134"}],"wp:term":[{"taxonomy":"category","embeddable":true,"href":"https:\/\/zjarr.tv\/sq\/wp-json\/wp\/v2\/categories?post=44134"},{"taxonomy":"post_tag","embeddable":true,"href":"https:\/\/zjarr.tv\/sq\/wp-json\/wp\/v2\/tags?post=44134"}],"curies":[{"name":"wp","href":"https:\/\/api.w.org\/{rel}","templated":true}]}}