{"id":44137,"date":"2018-04-16T15:40:16","date_gmt":"2018-04-16T13:40:16","guid":{"rendered":"http:\/\/zjarr.tv\/?p=44137"},"modified":"2018-04-16T21:08:10","modified_gmt":"2018-04-16T19:08:10","slug":"zjarr-ne-nje-aparament-ne-durres-shkak-mendohet-te-kete-qene-bombla-e-gazit","status":"publish","type":"post","link":"https:\/\/zjarr.tv\/sq\/zjarr-ne-nje-aparament-ne-durres-shkak-mendohet-te-kete-qene-bombla-e-gazit\/","title":{"rendered":"Zjarr n\u00eb nj\u00eb aparament n\u00eb Durr\u00ebs, shkak mendohet t\u00eb ket\u00eb qen\u00eb bombla e gazit"},"content":{"rendered":"<p>Nga zjarri q\u00eb ra n\u00eb apartamentin e nj\u00eb katin e pest\u00eb t\u00eb nj\u00eb pallati 10 kat\u00ebsh n\u00eb Durr\u00ebs ka pasur vet\u00ebm d\u00ebme materiale.<\/p>\n<p>Kjo ngjarje ka ndodhur n\u00eb lagjen me num\u00ebr 12 pran\u00eb ish-fabrik\u00ebs s\u00eb miellit.<\/p>\n<p>Nd\u00ebrhryrja e forcave zjarr\u00ebfik\u00ebsve ka b\u00ebr\u00eb t\u00eb mundur q\u00eb zjarri mos t\u00eb p\u00ebrhapet n\u00eb apartamentet fqinje. Sipas policis\u00eb thuhet se zjarri \u00ebsht\u00eb shkaktuar nga nj\u00eb bombol gazi.<\/p>\n<p> <iframe loading=\"lazy\" width=\"640\" height=\"480\" id=\"am__1130171\" frameborder=\"0\" allowfullscreen scrolling=\"no\" src=\"https:\/\/e.abingmedia.com\/v\/29\/1130171.html\"><\/iframe><script async src=\"https:\/\/e.abingmedia.com\/am__loadplayer_v2.js\">{\"videoid\": \"1130171\", \"sid\":\"29\"}<\/script> <\/p>\n","protected":false},"excerpt":{"rendered":"<p>Nga zjarri q\u00eb ra n\u00eb apartamentin e nj\u00eb katin e pest\u00eb t\u00eb nj\u00eb pallati 10 kat\u00ebsh n\u00eb Durr\u00ebs ka pasur vet\u00ebm d\u00ebme materiale. Kjo ngjarje ka ndodhur n\u00eb lagjen me num\u00ebr 12 pran\u00eb ish-fabrik\u00ebs s\u00eb miellit. Nd\u00ebrhryrja e forcave zjarr\u00ebfik\u00ebsve ka b\u00ebr\u00eb t\u00eb mundur q\u00eb zjarri mos t\u00eb p\u00ebrhapet n\u00eb apartamentet fqinje. Sipas policis\u00eb thuhet [&hellip;]<\/p>\n","protected":false},"author":2044,"featured_media":0,"comment_status":"closed","ping_status":"closed","sticky":false,"template":"","format":"standard","meta":{"footnotes":""},"categories":[198,241,231,1,235],"tags":[],"class_list":{"0":"post-44137","1":"post","2":"type-post","3":"status-publish","4":"format-standard","6":"category-360-grade","7":"category-aktualitet","8":"category-lajme","9":"category-uncategorized-sq","10":"category-vendi"},"_links":{"self":[{"href":"https:\/\/zjarr.tv\/sq\/wp-json\/wp\/v2\/posts\/44137","targetHints":{"allow":["GET"]}}],"collection":[{"href":"https:\/\/zjarr.tv\/sq\/wp-json\/wp\/v2\/posts"}],"about":[{"href":"https:\/\/zjarr.tv\/sq\/wp-json\/wp\/v2\/types\/post"}],"author":[{"embeddable":true,"href":"https:\/\/zjarr.tv\/sq\/wp-json\/wp\/v2\/users\/2044"}],"replies":[{"embeddable":true,"href":"https:\/\/zjarr.tv\/sq\/wp-json\/wp\/v2\/comments?post=44137"}],"version-history":[{"count":0,"href":"https:\/\/zjarr.tv\/sq\/wp-json\/wp\/v2\/posts\/44137\/revisions"}],"wp:attachment":[{"href":"https:\/\/zjarr.tv\/sq\/wp-json\/wp\/v2\/media?parent=44137"}],"wp:term":[{"taxonomy":"category","embeddable":true,"href":"https:\/\/zjarr.tv\/sq\/wp-json\/wp\/v2\/categories?post=44137"},{"taxonomy":"post_tag","embeddable":true,"href":"https:\/\/zjarr.tv\/sq\/wp-json\/wp\/v2\/tags?post=44137"}],"curies":[{"name":"wp","href":"https:\/\/api.w.org\/{rel}","templated":true}]}}