{"id":44148,"date":"2018-04-17T18:03:38","date_gmt":"2018-04-17T16:03:38","guid":{"rendered":"http:\/\/zjarr.tv\/?p=44148"},"modified":"2018-04-17T18:03:38","modified_gmt":"2018-04-17T16:03:38","slug":"ke-jep-rekomandimin-per-hapjen-e-negociatave-me-shqiperine","status":"publish","type":"post","link":"https:\/\/zjarr.tv\/sq\/ke-jep-rekomandimin-per-hapjen-e-negociatave-me-shqiperine\/","title":{"rendered":"KE JEP REKOMANDIMIN P\u00cbR HAPJEN E NEGOCIATAVE ME SHQIP\u00cbRIN\u00cb"},"content":{"rendered":"<p>Shefja e Politik\u00ebs s\u00eb Jashtme t\u00eb Bashkimit Europian, Federica Mogherini, prezanton zyrtarisht para Komisionit t\u00eb Jasht\u00ebm t\u00eb Parlamentit Europian n\u00eb Strasburg progres-raportin p\u00ebr vendet q\u00eb duan t\u00eb b\u00ebhen pjes\u00eb e Unionit, p\u00ebrfshi k\u00ebtu edhe Shqip\u00ebrin\u00eb. Mogherini tha n\u00eb fjal\u00ebn e saj se K\u00ebshilli vendos t\u00eb hap bisedimet p\u00ebr an\u00ebtar\u00ebsim me Shqip\u00ebrin\u00eb dhe Maqedonin\u00eb. \u201cZgjerimi rrit stabilitetin dhe sigurin\u00eb. Procesi \u00ebsht\u00eb nd\u00ebrtuar n\u00eb kusht\u00ebzim t\u00eb drejt\u00eb dhe rigoroz dhe cdo vend vler\u00ebsohet n\u00eb baz\u00eb t\u00eb merit\u00ebs s\u00eb vet p\u00ebr reformat. Do t\u00eb them pak fjal\u00eb p\u00ebr Ballkanin Per\u00ebndimor. Do t\u00eb shkoj, n\u00eb Tiran\u00eb, Shkup, Podgoric\u00eb dhe Beograd. Ballkani \u00ebsht\u00eb Europ\u00eb dhe do t\u00eb jet\u00eb pjes\u00eb e s\u00eb ardhmes s\u00eb BE, t\u00eb fort\u00eb dhe stab\u00ebl, \u00ebsht\u00eb p\u00ebrgjegj\u00ebsi e p\u00ebrbashk\u00ebt. Ky \u00ebsht\u00eb momenti q\u00eb njohim arritjet pozitive. Kemi forcuar angazhimin me rajonin p\u00ebrmes strategjis\u00eb p\u00ebr Ballkanin, q\u00eb kreu Juncker dhe duke p\u00ebrgatitur edhe samitin. Ende nuk ka zgjerim apo angazhimi yn\u00eb \u00ebsht\u00eb i madh. Nga gjasht\u00eb partner\u00ebt, Serbia dhe Mali i Zi kan\u00eb ecura mir\u00eb, sot KE vendos q\u00eb t\u00eb hapen negociata hapjen e negociatave p\u00ebr Shqip\u00ebrin\u00eb dhe Maqedonin\u00eb, po punojm\u00eb p\u00ebr Bosnjen dhe progresin p\u00ebr Kosov\u00ebn\u201d, tha Mogherini. Sa i p\u00ebrket kund\u00ebrshtimit t\u00eb Franc\u00ebs dhe Gjermanis\u00eb p\u00ebr Shqip\u00ebrin\u00eb, Mogherini u shpreh se \u201cnuk na takon neve t\u00eb bindim k\u00ebshillin\u201d. \u201cRezultatet jan\u00eb t\u00eb dukshme, vendimi i sot\u00ebm bazohet n\u00eb vler\u00ebsimin e progresit. Nd\u00ebrkoh\u00eb, Johanes Hahn tha se KE pranon progresin q\u00eb ka b\u00ebr\u00eb Maqedonia dhe Shqip\u00ebria \u00e7ka na \u00e7on n\u00eb hapjen e bisedimeve. Por ai shtoi se nuk ka koh\u00eb p\u00ebr vet\u00ebk\u00ebnaq\u00ebsi.<em>\u00a0\u201c<\/em><em>Jam i k\u00ebnaqur q\u00eb Komisioni e pranoi r\u00ebnd\u00ebsin\u00eb e reformave q\u00eb jan\u00eb b\u00ebr\u00eb nga Maqedonia dhe Shqip\u00ebria duke dh\u00ebn\u00eb rekomandimin p\u00ebr hapjen e negociatave, dhe n\u00eb t\u00eb nj\u00ebjt\u00ebn koh\u00eb dhe \u00e7far\u00eb duhet b\u00ebr\u00eb p\u00ebr ta mb\u00ebshtetur k\u00ebt\u00eb progres. Kur b\u00ebhet fjal\u00eb p\u00ebr Shqip\u00ebrin\u00eb n\u00eb fushat kryesore si 5 p\u00ebrpar\u00ebsit\u00eb, \u00a0administrata publike, lufta kund\u00ebr krimit e korrupsionit, reforma n\u00eb gjyq\u00ebsor e drejt\u00ebsi dhe mbrojtjen e pakicave. N\u00eb drejt\u00ebsi kemi par\u00eb rezultate t\u00eb prekshme p\u00ebr gjyqtar\u00eb e prokuror\u00eb nga vettingu. \u00cbsht\u00eb fillimi, por \u00ebsht\u00eb premtues dhe rekomandimi gjen zbatim. \u00cbsht\u00eb me r\u00ebnd\u00ebsi q\u00eb t\u00eb p\u00ebrmir\u00ebsohet klima e biznesit e investimeve, dhe norma e lart\u00eb e papun\u00ebsis\u00eb \u00ebsth\u00eb burim shqet\u00ebsimi, sidomos i t\u00eb rinjve. Siguria \u00ebsht\u00eb nj\u00eb tjet\u00ebr element\u201d.\u00a0<\/em><\/p>\n","protected":false},"excerpt":{"rendered":"<p>Shefja e Politik\u00ebs s\u00eb Jashtme t\u00eb Bashkimit Europian, Federica Mogherini, prezanton zyrtarisht para Komisionit t\u00eb Jasht\u00ebm t\u00eb Parlamentit Europian n\u00eb Strasburg progres-raportin p\u00ebr vendet q\u00eb duan t\u00eb b\u00ebhen pjes\u00eb e Unionit, p\u00ebrfshi k\u00ebtu edhe Shqip\u00ebrin\u00eb. Mogherini tha n\u00eb fjal\u00ebn e saj se K\u00ebshilli vendos t\u00eb hap bisedimet p\u00ebr an\u00ebtar\u00ebsim me Shqip\u00ebrin\u00eb dhe Maqedonin\u00eb. \u201cZgjerimi rrit [&hellip;]<\/p>\n","protected":false},"author":2044,"featured_media":0,"comment_status":"closed","ping_status":"closed","sticky":false,"template":"","format":"standard","meta":{"footnotes":""},"categories":[198,241,231,235],"tags":[],"class_list":{"0":"post-44148","1":"post","2":"type-post","3":"status-publish","4":"format-standard","6":"category-360-grade","7":"category-aktualitet","8":"category-lajme","9":"category-vendi"},"_links":{"self":[{"href":"https:\/\/zjarr.tv\/sq\/wp-json\/wp\/v2\/posts\/44148","targetHints":{"allow":["GET"]}}],"collection":[{"href":"https:\/\/zjarr.tv\/sq\/wp-json\/wp\/v2\/posts"}],"about":[{"href":"https:\/\/zjarr.tv\/sq\/wp-json\/wp\/v2\/types\/post"}],"author":[{"embeddable":true,"href":"https:\/\/zjarr.tv\/sq\/wp-json\/wp\/v2\/users\/2044"}],"replies":[{"embeddable":true,"href":"https:\/\/zjarr.tv\/sq\/wp-json\/wp\/v2\/comments?post=44148"}],"version-history":[{"count":0,"href":"https:\/\/zjarr.tv\/sq\/wp-json\/wp\/v2\/posts\/44148\/revisions"}],"wp:attachment":[{"href":"https:\/\/zjarr.tv\/sq\/wp-json\/wp\/v2\/media?parent=44148"}],"wp:term":[{"taxonomy":"category","embeddable":true,"href":"https:\/\/zjarr.tv\/sq\/wp-json\/wp\/v2\/categories?post=44148"},{"taxonomy":"post_tag","embeddable":true,"href":"https:\/\/zjarr.tv\/sq\/wp-json\/wp\/v2\/tags?post=44148"}],"curies":[{"name":"wp","href":"https:\/\/api.w.org\/{rel}","templated":true}]}}