{"id":44151,"date":"2018-04-17T18:15:06","date_gmt":"2018-04-17T16:15:06","guid":{"rendered":"http:\/\/zjarr.tv\/?p=44151"},"modified":"2018-04-17T18:04:56","modified_gmt":"2018-04-17T16:04:56","slug":"ramaia-dolem-ketij-provimi-mjaft-te-veshtire","status":"publish","type":"post","link":"https:\/\/zjarr.tv\/sq\/ramaia-dolem-ketij-provimi-mjaft-te-veshtire\/","title":{"rendered":"RAMA:IA DOL\u00cbM K\u00cbTIJ PROVIMI MJAFT T\u00cb V\u00cbSHTIR\u00cb"},"content":{"rendered":"<p><em>\u201cShqip\u00ebria ka hapur nj\u00eb kapitull t\u00eb ri si shtet. Sot kemi kaluar sprov\u00ebn historike si vend e si popull<\/em>\u201d . Me k\u00ebto fjal\u00eb e ka nisur konferenc\u00ebn p\u00ebr mediat kryeministri Edi Rama, pas rekomandimit t\u00eb KE-s\u00eb p\u00ebr hapjen e negociatave. Duke mos i fshehur emocionet, Kryeminsitri tha se ndjehet krenar p\u00ebr k\u00ebt\u00eb provim t\u00eb v\u00ebshtir\u00eb, q\u00eb i jep Shqip\u00ebris\u00eb nj\u00eb statur\u00eb t\u00eb re ne aren\u00ebn nd\u00ebrkom\u00ebbtare n\u00eb 30 vjet p\u00ebrpjekje r\u00ebniesh e ringritjesh.<\/p>\n<p><em>\u201cJemi rekomanduar si shtet q\u00eb ulet n\u00eb tryez\u00ebn e negociatave p\u00ebr t\u00eb hyr\u00eb n\u00eb BE. Jam i emocionuar dhe krenar q\u00eb ia dol\u00ebm k\u00ebtij provimi t\u00eb st\u00ebr v\u00ebshtir\u00eb. I dham\u00eb Shqip\u00ebris\u00eb nj\u00eb statur\u00eb t\u00eb re n\u00eb aren\u00ebn nd\u00ebrkom\u00ebbtare dhe dol\u00ebm nga nj\u00eb udh\u00ebkryq mes s\u00eb shkuar\u00ebs e s\u00eb ardhmes.<\/em><\/p>\n<p><em>Rruga e udh\u00ebkryqit ku ndodheshim deri m\u00eb sot sado e v\u00ebshtir\u00eb \u00ebsht\u00eb e hapur para nesh, stacioni i radh\u00ebs \u00ebsht\u00eb an\u00ebtar\u00ebsimi dhe shpejt\u00ebsia e mb\u00ebrritjes varet nga ne t\u00eb gjith\u00eb ne. Shqip\u00ebria sot ka marr\u00eb vler\u00ebsimin m\u00eb t\u00eb madh t\u00eb nj\u00eb 30 vje\u00e7ari p\u00ebrpjekjesh r\u00ebniesh e ringritjesh.<\/em><\/p>\n<p><em>Respekt p\u00ebr t\u00eb gjith\u00eb ata q\u00eb dhan\u00eb nj\u00eb dor\u00eb, p\u00ebr t\u00eb nd\u00ebrtuar nj\u00eb pjes\u00eb t\u00eb ardhm\u00ebris\u00eb shqiptare at\u00eb t\u00eb Bashkimit Evropian\u201d.<\/em><\/p>\n<p>P\u00ebr kreun e qeveris\u00eb rekomandimi nuk \u00ebsht\u00eb nj\u00eb dhurat\u00eb e Brukselit, por njohje e meritave p\u00ebr t\u00eb b\u00ebr\u00eb shtet. Ai rendit dy arritje t\u00eb m\u00ebdha histoirke q\u00eb sipas tij kan\u00eb t\u00eb b\u00ebjn\u00eb me vitin e par\u00eb t\u00eb mandatit t\u00eb par\u00eb dhe vitin e par\u00eb t\u00eb mandatit t\u00eb dyt\u00eb.<\/p>\n<p><em>\u201cIa kemi dal\u00eb q\u00eb n\u00eb 4 vjet ta kthejm\u00eb besimin e popullit te ne n\u00eb dy arritje t\u00eb m\u00ebdha t\u00eb nj\u00eb r\u00ebnd\u00ebsie t\u00eb madhe historike. N\u00eb vitin e par\u00eb t\u00eb mandatin ton\u00eb e b\u00ebm\u00eb kandidat p\u00ebr n\u00eb BE. N\u00eb vitin e par\u00eb t\u00eb mandatit t\u00eb dyt\u00eb \u00e7el\u00ebm negociatat p\u00ebr an\u00ebtar\u00ebsim n\u00eb BE<\/em><\/p>\n<p><em>K\u00ebto nuk jan\u00eb dhurata as gjeste bujarie t\u00eb KE ndaj Shqip\u00ebris\u00eb, Evropa e Bashkuar nuk b\u00ebn dhurata dhe Brukseli sheh dhe njeh vet\u00ebm meritat. Rekomandimi \u00ebsht\u00eb njohja e meritave tona, n\u00eb fush\u00ebn p\u00ebr t\u00eb b\u00ebr\u00eb shtet\u201d-<\/em>\u00a0theksoi Rama.<\/p>\n<p>P\u00ebr kryeministrin Rama reforma n\u00eb drejt\u00ebsi dhe pastrimi is sistemit t\u00eb drejt\u00ebsis\u00eb nga t\u00eb korruptuarit \u00ebsht\u00eb prova q\u00eb sapo nisi.<\/p>\n<p><em>\u201cFutja n\u00eb nj\u00eb faz\u00eb m\u00eb t\u00eb re t\u00eb reformave dhe p\u00ebrshkall\u00ebzimi i luft\u00ebs kund\u00ebr krimit e korrupsionit. Sh\u00ebmbulli m\u00eb kuptimplot\u00eb p\u00ebr t\u00eb gjith\u00eb p\u00ebr t\u00eb b\u00ebr\u00eb dallimin mes faz\u00ebs q\u00eb sapo \u00ebsht\u00eb mbyllur dhe asaj q\u00eb ka nisur \u00ebsht\u00eb reforma n\u00eb drejt\u00ebsi.<\/em><\/p>\n<p><em>N\u00ebse deri m\u00eb sot duhet t\u00eb ligj\u00ebronim vetingun dhe t\u00eb jepnim provat e para, vitet q\u00eb kemi m\u00eb p\u00ebrpara duhet t\u00eb provojn\u00eb pa ekuivok fuqin\u00eb nd\u00ebshkuese t\u00eb pastrimit t\u00eb sistemit t\u00eb drejt\u00ebsis\u00eb. Gjykat\u00ebsit e prokuror\u00ebt e korruptuar q\u00eb p\u00ebrjashtohen nga sistemi\u201d.<\/em><\/p>\n<p>Periudha e negociatave do t\u00eb jet\u00eb nj\u00eb periudh\u00eb e ngarkuar me sfida, tha kryeministri, nd\u00ebrsa ftoi opozit\u00ebn p\u00ebr k\u00ebt\u00eb sfid\u00eb komb\u00ebtare q\u00eb t\u00eb mos ngat\u00ebrroj\u00eb p\u00ebrplasjet e brendshme.<\/p>\n<p><em>\u201cDo t\u00eb jet\u00eb nj\u00eb periudh\u00eb e ngarkuar me sfida dhe ngarkesa t\u00eb m\u00ebdha nga t\u00eb gjith\u00eb. Po sigurisht n\u00eb radh\u00eb t\u00eb par\u00eb nga qeveria. Dora jon\u00eb \u00ebsht\u00eb e shtrir\u00eb sot ndaj opozit\u00ebs dhe e ftoj opozit\u00ebn dhe kryetarin e saj q\u00eb t\u00eb mos ngat\u00ebrrojm\u00eb p\u00ebrplasjet p\u00ebr gjith\u00e7ka na ndan s\u00eb brendshmi p\u00ebr k\u00ebt\u00eb sfid\u00eb komb\u00ebtare q\u00eb k\u00ebrkon kur flasim me gjuh\u00eb t\u00eb gjuaj mos tregojm\u00eb me gisht nj\u00ebri-tjetrin\u201d.<\/em><\/p>\n<p>N\u00eb fund t\u00eb fjal\u00ebs s\u00eb tij Rama theksoi se sot ka fituar atdheu dhe t\u00eb gjith\u00eb shqiptar\u00ebt kudo ndodhen.<\/p>\n<p><em>\u201cSot ka fituar atdheu yn\u00eb i paragjykuar e p\u00ebrgojuar prej shum\u00eb vitesh me gjysma t\u00eb v\u00ebrteta. Sot kan\u00eb fituar shqiptar\u00ebt pa dallim kufiri n\u00eb atdhe e migracion.\u00a0<\/em><em>Sot \u00ebsht\u00eb shtiza e flamurit kuq e zi t\u00eb Sk\u00ebnderbeut dhe Ismail Qemalit. Si\u00e7 ja dol\u00ebm n\u00eb k\u00ebto dy sprova, duke kap\u00ebrcyer pengesa t\u00eb jasht\u00ebzakonshme, do t\u2019ia dalim dhe n\u00eb t\u00eb tret\u00ebn, m\u00eb t\u00eb v\u00ebshtir\u00ebn. Ne do ta \u00e7ojm\u00eb deri n\u00eb fund amanetin e Sk\u00ebnderbeut, Rilindasve e t\u00eb gjith\u00eb martir\u00ebve\u201d.<\/em><\/p>\n","protected":false},"excerpt":{"rendered":"<p>\u201cShqip\u00ebria ka hapur nj\u00eb kapitull t\u00eb ri si shtet. Sot kemi kaluar sprov\u00ebn historike si vend e si popull\u201d . Me k\u00ebto fjal\u00eb e ka nisur konferenc\u00ebn p\u00ebr mediat kryeministri Edi Rama, pas rekomandimit t\u00eb KE-s\u00eb p\u00ebr hapjen e negociatave. Duke mos i fshehur emocionet, Kryeminsitri tha se ndjehet krenar p\u00ebr k\u00ebt\u00eb provim t\u00eb v\u00ebshtir\u00eb, [&hellip;]<\/p>\n","protected":false},"author":2044,"featured_media":0,"comment_status":"closed","ping_status":"closed","sticky":false,"template":"","format":"standard","meta":{"footnotes":""},"categories":[198,241,231,235],"tags":[],"class_list":{"0":"post-44151","1":"post","2":"type-post","3":"status-publish","4":"format-standard","6":"category-360-grade","7":"category-aktualitet","8":"category-lajme","9":"category-vendi"},"_links":{"self":[{"href":"https:\/\/zjarr.tv\/sq\/wp-json\/wp\/v2\/posts\/44151","targetHints":{"allow":["GET"]}}],"collection":[{"href":"https:\/\/zjarr.tv\/sq\/wp-json\/wp\/v2\/posts"}],"about":[{"href":"https:\/\/zjarr.tv\/sq\/wp-json\/wp\/v2\/types\/post"}],"author":[{"embeddable":true,"href":"https:\/\/zjarr.tv\/sq\/wp-json\/wp\/v2\/users\/2044"}],"replies":[{"embeddable":true,"href":"https:\/\/zjarr.tv\/sq\/wp-json\/wp\/v2\/comments?post=44151"}],"version-history":[{"count":0,"href":"https:\/\/zjarr.tv\/sq\/wp-json\/wp\/v2\/posts\/44151\/revisions"}],"wp:attachment":[{"href":"https:\/\/zjarr.tv\/sq\/wp-json\/wp\/v2\/media?parent=44151"}],"wp:term":[{"taxonomy":"category","embeddable":true,"href":"https:\/\/zjarr.tv\/sq\/wp-json\/wp\/v2\/categories?post=44151"},{"taxonomy":"post_tag","embeddable":true,"href":"https:\/\/zjarr.tv\/sq\/wp-json\/wp\/v2\/tags?post=44151"}],"curies":[{"name":"wp","href":"https:\/\/api.w.org\/{rel}","templated":true}]}}