{"id":44154,"date":"2018-04-17T18:25:41","date_gmt":"2018-04-17T16:25:41","guid":{"rendered":"http:\/\/zjarr.tv\/?p=44154"},"modified":"2018-04-17T18:06:27","modified_gmt":"2018-04-17T16:06:27","slug":"fleckenstein-shqiperia-hap-negociatat-pa-kushte-me-be-urime","status":"publish","type":"post","link":"https:\/\/zjarr.tv\/sq\/fleckenstein-shqiperia-hap-negociatat-pa-kushte-me-be-urime\/","title":{"rendered":"Fleckenstein: Shqip\u00ebria hap negociatat pa kushte me BE, urime!"},"content":{"rendered":"<p>Raportuesi p\u00ebr Shqip\u00ebrin\u00eb n\u00eb Parlamentin Evropian, Knut Fleckenstein, uron Shqip\u00ebrin\u00eb p\u00ebr \u00e7eljen e negociatave, duke e konsideruar nj\u00eb hap t\u00eb madh p\u00ebr vendin. Ai thot\u00eb se rekomandimi \u00ebsht\u00eb i pakusht\u00ebzuar nga komisioni i BE-s\u00eb dhe se Shqip\u00ebria e meriton.\u00a0\u00a0<em>Urime! Jam shum\u00eb i lumtur. Nj\u00eb hap i madh p\u00ebrpara p\u00ebr Shqip\u00ebrin\u00eb! Rekomandim i pakusht\u00ebzuar nga komisioni i BE-s\u00eb p\u00ebr hapjen e negociatave. Shqip\u00ebria e meriton! Dhe tani ne presim q\u00eb t\u00eb bien dakord gjithashtu n\u00eb K\u00ebshill.\u00a0<\/em><\/p>\n","protected":false},"excerpt":{"rendered":"<p>Raportuesi p\u00ebr Shqip\u00ebrin\u00eb n\u00eb Parlamentin Evropian, Knut Fleckenstein, uron Shqip\u00ebrin\u00eb p\u00ebr \u00e7eljen e negociatave, duke e konsideruar nj\u00eb hap t\u00eb madh p\u00ebr vendin. Ai thot\u00eb se rekomandimi \u00ebsht\u00eb i pakusht\u00ebzuar nga komisioni i BE-s\u00eb dhe se Shqip\u00ebria e meriton.\u00a0\u00a0Urime! Jam shum\u00eb i lumtur. Nj\u00eb hap i madh p\u00ebrpara p\u00ebr Shqip\u00ebrin\u00eb! Rekomandim i pakusht\u00ebzuar nga komisioni [&hellip;]<\/p>\n","protected":false},"author":2044,"featured_media":0,"comment_status":"closed","ping_status":"closed","sticky":false,"template":"","format":"standard","meta":{"footnotes":""},"categories":[198,241,231,235],"tags":[],"class_list":{"0":"post-44154","1":"post","2":"type-post","3":"status-publish","4":"format-standard","6":"category-360-grade","7":"category-aktualitet","8":"category-lajme","9":"category-vendi"},"_links":{"self":[{"href":"https:\/\/zjarr.tv\/sq\/wp-json\/wp\/v2\/posts\/44154","targetHints":{"allow":["GET"]}}],"collection":[{"href":"https:\/\/zjarr.tv\/sq\/wp-json\/wp\/v2\/posts"}],"about":[{"href":"https:\/\/zjarr.tv\/sq\/wp-json\/wp\/v2\/types\/post"}],"author":[{"embeddable":true,"href":"https:\/\/zjarr.tv\/sq\/wp-json\/wp\/v2\/users\/2044"}],"replies":[{"embeddable":true,"href":"https:\/\/zjarr.tv\/sq\/wp-json\/wp\/v2\/comments?post=44154"}],"version-history":[{"count":0,"href":"https:\/\/zjarr.tv\/sq\/wp-json\/wp\/v2\/posts\/44154\/revisions"}],"wp:attachment":[{"href":"https:\/\/zjarr.tv\/sq\/wp-json\/wp\/v2\/media?parent=44154"}],"wp:term":[{"taxonomy":"category","embeddable":true,"href":"https:\/\/zjarr.tv\/sq\/wp-json\/wp\/v2\/categories?post=44154"},{"taxonomy":"post_tag","embeddable":true,"href":"https:\/\/zjarr.tv\/sq\/wp-json\/wp\/v2\/tags?post=44154"}],"curies":[{"name":"wp","href":"https:\/\/api.w.org\/{rel}","templated":true}]}}