{"id":44157,"date":"2018-04-17T18:50:45","date_gmt":"2018-04-17T16:50:45","guid":{"rendered":"http:\/\/zjarr.tv\/?p=44157"},"modified":"2018-04-17T18:07:45","modified_gmt":"2018-04-17T16:07:45","slug":"strazimiri-heshtja-e-prokurorise-per-arrestimin-e-kuksianeve-provoi-varesine-politike-nga-rama","status":"publish","type":"post","link":"https:\/\/zjarr.tv\/sq\/strazimiri-heshtja-e-prokurorise-per-arrestimin-e-kuksianeve-provoi-varesine-politike-nga-rama\/","title":{"rendered":"Strazimiri: Heshtja e prokuroris\u00eb p\u00ebr arrestimin e kuksian\u00ebve provoi var\u00ebsin\u00eb politike nga Rama"},"content":{"rendered":"<p>Partia Demokratike deklaroi sot se heshtja e prokuroris\u00eb p\u00ebr provat e manipulimit t\u00eb arrestimit t\u00eb paligjsh\u00ebm t\u00eb protestuesve kuksian\u00eb, faktojn\u00eb var\u00ebsin\u00eb e saj politike nga Edi Rama.\u00a0 Deputeti demokrat, Gent Strazimiri, n\u00eb nj\u00eb dalje p\u00ebr mediat tha se\u00a0Prokuroria politike provoi bot\u00ebrisht se funksionon me dy standarde: &#8220;Le jasht\u00eb burgu Saimir Tahirin, i kapur nga Antimafia italiane si pjes\u00eb e trafikut t\u00eb drog\u00ebs, por nga ana tjet\u00ebr fut n\u00eb burg njerezit e zakonsh\u00ebm q\u00eb protesojn\u00eb kund\u00ebr padrejt\u00ebsive&#8221;. Strazimiri theksoi se Partia Demokratike nuk do t\u00eb lejoj\u00eb rikthimin e praktikave t\u00eb Aranit \u00c7el\u00ebs dhe shkoll\u00ebs ruse, ku qytetar\u00ebt rr\u00ebmbeheshin nga sht\u00ebpit\u00eb nat\u00ebn, n\u00ebn terror e pastaj &#8220;harroheshin&#8221; me vite n\u00ebp\u00ebr burgje e kampe, sipas urdhrit t\u00eb partis\u00eb.<\/p>\n<p><em>24 or\u00eb pas publikimit t\u00eb videos q\u00eb provon manipulimin e provave nga prokuroria dhe Policia p\u00ebr arrestimin e paligjsh\u00ebm t\u00eb 23 protestuesve kuksian\u00eb, Prokurorja e P\u00ebrgjithshme e P\u00ebrkohshme po miraton n\u00eb heshtje padrejt\u00ebsin\u00eb dhe var\u00ebsin\u00eb e saj politike nga Edi Rama.<\/em><\/p>\n<p><em>Si\u00e7 u pa n\u00eb video, qytetar\u00ebt jan\u00eb arrestuar n\u00eb 3 t\u00eb m\u00ebngjesit dhe jo n\u00eb or\u00ebn 10.00 t\u00eb paradites, si\u00e7 thuhet n\u00eb procesverbalin zyrtar t\u00eb falsifikuar n\u00eb bashk\u00ebpunim mes prokuroris\u00eb dhe policis\u00eb.<\/em><\/p>\n<p><em>I vetmi justifikim ndaj falsifikimit t\u00eb provave p\u00ebr &#8220;tavarish\u00ebt&#8221; q\u00eb duan t\u00eb kalojn\u00eb me sukses &#8220;edvingun&#8221;, mbetet q\u00eb t\u00eb ken\u00eb vepruar &#8220;n\u00eb mir\u00ebbesim&#8221; me or\u00ebn e Mosk\u00ebs, por ky nuk \u00ebsht\u00eb shfaj\u00ebsim ligjor!<\/em><\/p>\n<p><em>Kjo provon qartazi dhe n\u00eb m\u00ebnyr\u00eb t\u00eb pakontesuar se Prokuroria manipuloi n\u00ebn urdhrat politik\u00eb t\u00eb Edi Ram\u00ebs dhe p\u00ebr interesat e tij.<\/em><\/p>\n<p><em>Pas publikimit t\u00eb videos q\u00eb tregon manipulimin, nuk ka asnj\u00eb t\u00eb arrestuar, asnj\u00eb t\u00eb ndaluar madje asnj\u00eb n\u00ebn hetim!<\/em><\/p>\n<p><em>Megjith\u00ebse kan\u00eb kaluar pothuajse 20 dit\u00eb Prokuroria nuk ka b\u00ebr\u00eb asnj\u00eb veprim p\u00ebr padin\u00eb e b\u00ebr\u00eb nga k\u00ebshilltar\u00ebt bashkiak\u00eb ndaj organit t\u00eb akuz\u00ebs pik\u00ebrisht p\u00ebr arrestimin e paligjsh\u00ebm t\u00eb qytetar\u00ebve q\u00eb protestuan kund\u00ebr nj\u00eb takse t\u00eb padrejt\u00eb.<\/em><\/p>\n<p><em>Prokuroria politike provoi bot\u00ebrisht se funksionon me dy standarde: Le jasht\u00eb burgu Saimir Tahirin, I kapur nga Antimafia italiane si pjes\u00eb e trafikut t\u00eb drog\u00ebs, por nga ana tjet\u00ebr fut n\u00eb burg njerezit e zakonsh\u00ebm q\u00eb protesojn\u00eb kund\u00ebr padrejt\u00ebsive.<\/em><\/p>\n<p><em>Drejt\u00ebsia e Fatmirit \u00ebsht\u00eb paprekshm\u00ebri p\u00ebr Saje qorrin, Agron Xhafajn, Olsi Ram\u00ebn Lal Qazimin, Vangjish Dakon si\u00e7 ishte dhe vazhdon t\u00eb jet\u00eb p\u00ebr Visin e Kavaj\u00ebs, Turin e Kruj\u00ebs dhe Turin e Kurbinit, por jo p\u00ebr qytetaret q\u00eb refuzojn\u00eb krimin e &#8220;jakave te bardha&#8221; apo &#8220;pluhurit te bardhe&#8221;<\/em><\/p>\n<p><em>Partia Demokratike nuk do t\u00eb lejoj\u00eb rikthimin e praktikave t\u00eb Aranit \u00c7el\u00ebs dhe shkoll\u00ebs ruse, ku qytetar\u00ebt rr\u00ebmbeheshin nga sht\u00ebpit\u00eb nat\u00ebn, n\u00ebn terror e pastaj &#8220;harroheshin&#8221; me vite n\u00ebp\u00ebr burgje e kampe, sipas urdhrit t\u00eb PARTIS\u00cb!<\/em><\/p>\n<p><em>Kuksian\u00ebt dhe \u00e7do qytetar tjet\u00ebr e ka fituar t\u00eb drejt\u00ebn p\u00ebr t\u00eb ngritur krye ndaj PARTIS\u00cb k\u00ebtu e 28 vjet m\u00eb par\u00eb dhe nuk ka Aranit apo Aranite q\u00eb ta zhb\u00ebj\u00eb!<\/em><\/p>\n<p><em>Kthim mbrapa n\u00eb koh\u00ebn e hetues Fatmirit, NUK DO T\u00cb KET\u00cb.<\/em><\/p>\n","protected":false},"excerpt":{"rendered":"<p>Partia Demokratike deklaroi sot se heshtja e prokuroris\u00eb p\u00ebr provat e manipulimit t\u00eb arrestimit t\u00eb paligjsh\u00ebm t\u00eb protestuesve kuksian\u00eb, faktojn\u00eb var\u00ebsin\u00eb e saj politike nga Edi Rama.\u00a0 Deputeti demokrat, Gent Strazimiri, n\u00eb nj\u00eb dalje p\u00ebr mediat tha se\u00a0Prokuroria politike provoi bot\u00ebrisht se funksionon me dy standarde: &#8220;Le jasht\u00eb burgu Saimir Tahirin, i kapur nga Antimafia [&hellip;]<\/p>\n","protected":false},"author":2044,"featured_media":0,"comment_status":"closed","ping_status":"closed","sticky":false,"template":"","format":"standard","meta":{"footnotes":""},"categories":[198,241,231,235],"tags":[],"class_list":{"0":"post-44157","1":"post","2":"type-post","3":"status-publish","4":"format-standard","6":"category-360-grade","7":"category-aktualitet","8":"category-lajme","9":"category-vendi"},"_links":{"self":[{"href":"https:\/\/zjarr.tv\/sq\/wp-json\/wp\/v2\/posts\/44157","targetHints":{"allow":["GET"]}}],"collection":[{"href":"https:\/\/zjarr.tv\/sq\/wp-json\/wp\/v2\/posts"}],"about":[{"href":"https:\/\/zjarr.tv\/sq\/wp-json\/wp\/v2\/types\/post"}],"author":[{"embeddable":true,"href":"https:\/\/zjarr.tv\/sq\/wp-json\/wp\/v2\/users\/2044"}],"replies":[{"embeddable":true,"href":"https:\/\/zjarr.tv\/sq\/wp-json\/wp\/v2\/comments?post=44157"}],"version-history":[{"count":0,"href":"https:\/\/zjarr.tv\/sq\/wp-json\/wp\/v2\/posts\/44157\/revisions"}],"wp:attachment":[{"href":"https:\/\/zjarr.tv\/sq\/wp-json\/wp\/v2\/media?parent=44157"}],"wp:term":[{"taxonomy":"category","embeddable":true,"href":"https:\/\/zjarr.tv\/sq\/wp-json\/wp\/v2\/categories?post=44157"},{"taxonomy":"post_tag","embeddable":true,"href":"https:\/\/zjarr.tv\/sq\/wp-json\/wp\/v2\/tags?post=44157"}],"curies":[{"name":"wp","href":"https:\/\/api.w.org\/{rel}","templated":true}]}}