{"id":61638,"date":"2019-01-14T13:21:06","date_gmt":"2019-01-14T12:21:06","guid":{"rendered":"https:\/\/zjarr.tv\/?p=61638"},"modified":"2019-01-14T13:21:06","modified_gmt":"2019-01-14T12:21:06","slug":"poloni-sulmohet-me-thike-kryebashkiaku","status":"publish","type":"post","link":"https:\/\/zjarr.tv\/sq\/poloni-sulmohet-me-thike-kryebashkiaku\/","title":{"rendered":"Poloni, sulmohet me thik\u00eb kryebashkiaku"},"content":{"rendered":"<p>Kryebashkiaku i qytetit polak, Gdansk, Pawel Adamowicz \u00ebsht\u00eb therur me thik\u00eb teksa po merrte pjes\u00eb n\u00eb nj\u00eb koncert bamir\u00ebsie, e tani \u00ebsht\u00eb n\u00eb gjendje kritike. Agjencia e lajmeve \u201cPAP\u201d ka th\u00ebn\u00eb se, Adamowicz \u00ebsht\u00eb sulmuar me nj\u00eb \u201cmjet t\u00eb mpreht\u00eb\u201d gjat\u00eb nj\u00eb organizimi m\u00eb 13 janar.<\/p>\n<p>\u201cTVN24\u201d ka raportuar se, nj\u00eb burr\u00eb ka b\u00ebrtitur teksa i \u00ebsht\u00eb afruar 53-vje\u00e7arit Adamowicz, i cili ka drejtuar qytetin Gdansk q\u00eb nga viti 1998. Agresori \u00ebsht\u00eb ndaluar n\u00eb vendin e ngjarjes.<\/p>\n<p>Nj\u00eb doktor n\u00eb Poloni tha se Adamowicz iu n\u00ebnshtrua nj\u00eb operacioni p\u00ebr plot 5 or\u00eb. Sipas tij, ai \u00ebsht\u00eb \u201cende i gjall\u00eb, por n\u00eb gjendje serioze\u201d. Presidenti i K\u00ebshillit Europian, Donald Tusk, ish-kryeministri polak q\u00eb ka bashk\u00ebthemeluar \u201cPlatform\u00ebn Civile\u201d dhe q\u00eb \u00ebsht\u00eb po ashtu nga Gdansku, ka reaguar p\u00ebrmes nj\u00eb postimi n\u00eb Twitter.<\/p>\n<p>&nbsp;<\/p>\n<p>&nbsp;<\/p>\n","protected":false},"excerpt":{"rendered":"<p>Kryebashkiaku i qytetit polak, Gdansk, Pawel Adamowicz \u00ebsht\u00eb therur me thik\u00eb teksa po merrte pjes\u00eb n\u00eb nj\u00eb koncert bamir\u00ebsie, e tani \u00ebsht\u00eb n\u00eb gjendje kritike. Agjencia e lajmeve \u201cPAP\u201d ka th\u00ebn\u00eb se, Adamowicz \u00ebsht\u00eb sulmuar me nj\u00eb \u201cmjet t\u00eb mpreht\u00eb\u201d gjat\u00eb nj\u00eb organizimi m\u00eb 13 janar. \u201cTVN24\u201d ka raportuar se, nj\u00eb burr\u00eb ka b\u00ebrtitur teksa [&hellip;]<\/p>\n","protected":false},"author":2013,"featured_media":61640,"comment_status":"open","ping_status":"closed","sticky":false,"template":"","format":"standard","meta":{"footnotes":""},"categories":[241,191],"tags":[],"class_list":{"0":"post-61638","1":"post","2":"type-post","3":"status-publish","4":"format-standard","5":"has-post-thumbnail","7":"category-aktualitet","8":"category-bota"},"_links":{"self":[{"href":"https:\/\/zjarr.tv\/sq\/wp-json\/wp\/v2\/posts\/61638","targetHints":{"allow":["GET"]}}],"collection":[{"href":"https:\/\/zjarr.tv\/sq\/wp-json\/wp\/v2\/posts"}],"about":[{"href":"https:\/\/zjarr.tv\/sq\/wp-json\/wp\/v2\/types\/post"}],"author":[{"embeddable":true,"href":"https:\/\/zjarr.tv\/sq\/wp-json\/wp\/v2\/users\/2013"}],"replies":[{"embeddable":true,"href":"https:\/\/zjarr.tv\/sq\/wp-json\/wp\/v2\/comments?post=61638"}],"version-history":[{"count":0,"href":"https:\/\/zjarr.tv\/sq\/wp-json\/wp\/v2\/posts\/61638\/revisions"}],"wp:featuredmedia":[{"embeddable":true,"href":"https:\/\/zjarr.tv\/sq\/wp-json\/wp\/v2\/media\/61640"}],"wp:attachment":[{"href":"https:\/\/zjarr.tv\/sq\/wp-json\/wp\/v2\/media?parent=61638"}],"wp:term":[{"taxonomy":"category","embeddable":true,"href":"https:\/\/zjarr.tv\/sq\/wp-json\/wp\/v2\/categories?post=61638"},{"taxonomy":"post_tag","embeddable":true,"href":"https:\/\/zjarr.tv\/sq\/wp-json\/wp\/v2\/tags?post=61638"}],"curies":[{"name":"wp","href":"https:\/\/api.w.org\/{rel}","templated":true}]}}