{"id":63180,"date":"2019-01-19T12:02:40","date_gmt":"2019-01-19T11:02:40","guid":{"rendered":"https:\/\/zjarr.tv\/?p=63180"},"modified":"2019-01-19T12:03:05","modified_gmt":"2019-01-19T11:03:05","slug":"dil-jashte-bashke-me-gishtin-rama-i-sulet-sdudentes","status":"publish","type":"post","link":"https:\/\/zjarr.tv\/sq\/dil-jashte-bashke-me-gishtin-rama-i-sulet-sdudentes\/","title":{"rendered":"&#8220;Dil jasht\u00eb bashk\u00eb me gishtin\u201d, Rama i sulet studentes"},"content":{"rendered":"<p>Teksa \u00ebsht\u00eb duke u zhvilluar nj\u00eb tjet\u00ebr takim prezantues p\u00ebr Paktin p\u00ebr Universitetin, \u00ebsht\u00eb sh\u00ebnuar nj\u00eb incident mes kryeministrit Rama dhe nj\u00eb studenteje n\u00eb sall\u00eb. Rama pas kund\u00ebrshtive dhe pyetjese t\u00eb vajz\u00ebs, e ka nxjerr\u00eb at\u00eb jasht\u00eb pasi sipas tij po thyente rregullat e bashk\u00ebjetes\u00ebs.<\/p>\n<p>Rama: Mos m\u00eb nd\u00ebrprit fjal\u00ebn, dil jasht\u00eb<\/p>\n<p>Studentja: Nuk mund t\u00eb m\u00eb nxjerr\u00ebsh dot jasht\u00eb sa koh\u00eb q\u00eb paguhesh me taksat e mia<\/p>\n<p>Rama: \u00cbsht\u00eb legjend\u00eb urbane q\u00eb ligji p\u00ebr Arsimin e Lart\u00eb favorizon privatin. Kush \u00e7ohet dhe ngre gishtin pa respekt, del jasht\u00eb bashk\u00eb me gishtin. Ju duhet t\u00eb g\u00ebzoheni p\u00ebr faktin q\u00eb p\u00ebr her\u00eb t\u00eb par\u00eb jeni d\u00ebgjuar nga ana e qeveris\u00eb.<\/p>\n","protected":false},"excerpt":{"rendered":"<p>Teksa \u00ebsht\u00eb duke u zhvilluar nj\u00eb tjet\u00ebr takim prezantues p\u00ebr Paktin p\u00ebr Universitetin, \u00ebsht\u00eb sh\u00ebnuar nj\u00eb incident mes kryeministrit Rama dhe nj\u00eb studenteje n\u00eb sall\u00eb. Rama pas kund\u00ebrshtive dhe pyetjese t\u00eb vajz\u00ebs, e ka nxjerr\u00eb at\u00eb jasht\u00eb pasi sipas tij po thyente rregullat e bashk\u00ebjetes\u00ebs. Rama: Mos m\u00eb nd\u00ebrprit fjal\u00ebn, dil jasht\u00eb Studentja: Nuk mund [&hellip;]<\/p>\n","protected":false},"author":4,"featured_media":62586,"comment_status":"open","ping_status":"closed","sticky":false,"template":"","format":"standard","meta":{"footnotes":""},"categories":[241,231,235],"tags":[],"class_list":{"0":"post-63180","1":"post","2":"type-post","3":"status-publish","4":"format-standard","5":"has-post-thumbnail","7":"category-aktualitet","8":"category-lajme","9":"category-vendi"},"_links":{"self":[{"href":"https:\/\/zjarr.tv\/sq\/wp-json\/wp\/v2\/posts\/63180","targetHints":{"allow":["GET"]}}],"collection":[{"href":"https:\/\/zjarr.tv\/sq\/wp-json\/wp\/v2\/posts"}],"about":[{"href":"https:\/\/zjarr.tv\/sq\/wp-json\/wp\/v2\/types\/post"}],"author":[{"embeddable":true,"href":"https:\/\/zjarr.tv\/sq\/wp-json\/wp\/v2\/users\/4"}],"replies":[{"embeddable":true,"href":"https:\/\/zjarr.tv\/sq\/wp-json\/wp\/v2\/comments?post=63180"}],"version-history":[{"count":0,"href":"https:\/\/zjarr.tv\/sq\/wp-json\/wp\/v2\/posts\/63180\/revisions"}],"wp:featuredmedia":[{"embeddable":true,"href":"https:\/\/zjarr.tv\/sq\/wp-json\/wp\/v2\/media\/62586"}],"wp:attachment":[{"href":"https:\/\/zjarr.tv\/sq\/wp-json\/wp\/v2\/media?parent=63180"}],"wp:term":[{"taxonomy":"category","embeddable":true,"href":"https:\/\/zjarr.tv\/sq\/wp-json\/wp\/v2\/categories?post=63180"},{"taxonomy":"post_tag","embeddable":true,"href":"https:\/\/zjarr.tv\/sq\/wp-json\/wp\/v2\/tags?post=63180"}],"curies":[{"name":"wp","href":"https:\/\/api.w.org\/{rel}","templated":true}]}}