{"id":68125,"date":"2019-02-11T11:34:47","date_gmt":"2019-02-11T10:34:47","guid":{"rendered":"https:\/\/zjarr.tv\/?p=68125"},"modified":"2019-02-11T11:35:21","modified_gmt":"2019-02-11T10:35:21","slug":"foto-bashkia-e-tiranes-vishet-me-zemra-te-kuqe-per-shen-valentin","status":"publish","type":"post","link":"https:\/\/zjarr.tv\/sq\/foto-bashkia-e-tiranes-vishet-me-zemra-te-kuqe-per-shen-valentin\/","title":{"rendered":"Foto\/ Bashkia e Tiran\u00ebs \u2018vishet\u2019 me zemra t\u00eb kuqe p\u00ebr Sh\u00ebn Valentin"},"content":{"rendered":"<p>Sh\u00ebn Valentini do t\u00eb vij\u00eb ndryshe n\u00eb Tiran\u00eb, teksa Bashkia ka menduar t\u00eb sjell\u00eb di\u00e7ka t\u00eb ve\u00e7ant\u00eb p\u00ebr dit\u00ebn e t\u00eb dashuruarve.<\/p>\n<p>Bashkia e Tiran\u00ebs \u00ebsht\u00eb mbushur me zbukurime t\u00eb simbolit t\u00eb 14 shkurtit, pra plot me zemra t\u00eb kuqe. Si\u00e7 duket nga fotot e publikuara nga vet\u00eb Bashkia e Tiran\u00ebs, n\u00eb hyrje t\u00eb godin\u00ebs jan\u00eb vendosur dhjet\u00ebra zemra t\u00eb kuqe, duke p\u00ebrcjell\u00eb nj\u00eb atmosfer\u00eb festive p\u00ebr qytetar\u00ebt.<\/p>\n<p>Edhe qytetar\u00ebt i kan\u00eb kushtuar v\u00ebmendje k\u00ebsaj pamjeje, duke zgjedhur t\u00eb shkrepin disa foto si nj\u00eb kujtim i ve\u00e7ant\u00eb<\/p>\n<p><a href=\"https:\/\/zjarr.tv\/wp-content\/uploads\/2019\/02\/zemrat-15.jpg\"><img loading=\"lazy\" decoding=\"async\" class=\"alignnone size-full wp-image-68127\" src=\"https:\/\/zjarr.tv\/wp-content\/uploads\/2019\/02\/zemrat-15.jpg\" alt=\"\" width=\"854\" height=\"1280\" \/><\/a> <a href=\"https:\/\/zjarr.tv\/wp-content\/uploads\/2019\/02\/zemrat-2.jpg\"><img loading=\"lazy\" decoding=\"async\" class=\"alignnone size-full wp-image-68126\" src=\"https:\/\/zjarr.tv\/wp-content\/uploads\/2019\/02\/zemrat-2.jpg\" alt=\"\" width=\"854\" height=\"1280\" \/><\/a><\/p>\n<div class=\"desktop\" align=\"center\">\n<p>&nbsp;<\/p>\n<div id=\"beacon_df68a21880\"><img loading=\"lazy\" decoding=\"async\" src=\"https:\/\/ads.aplikacione.com\/www\/delivery\/lg.php?bannerid=0&amp;campaignid=0&amp;zoneid=213&amp;loc=https%3A%2F%2Ftiranatoday.al%2Ffoto-bashkia-e-tiranes-vishet-me-zemra-te-kuqe-per-shen-valentin%2F&amp;referer=https%3A%2F%2Ftiranatoday.al%2F&amp;cb=df68a21880\" alt=\"\" width=\"0\" height=\"0\" \/><\/div>\n<p>&nbsp;<\/p>\n<\/div>\n","protected":false},"excerpt":{"rendered":"<p>Sh\u00ebn Valentini do t\u00eb vij\u00eb ndryshe n\u00eb Tiran\u00eb, teksa Bashkia ka menduar t\u00eb sjell\u00eb di\u00e7ka t\u00eb ve\u00e7ant\u00eb p\u00ebr dit\u00ebn e t\u00eb dashuruarve. Bashkia e Tiran\u00ebs \u00ebsht\u00eb mbushur me zbukurime t\u00eb simbolit t\u00eb 14 shkurtit, pra plot me zemra t\u00eb kuqe. Si\u00e7 duket nga fotot e publikuara nga vet\u00eb Bashkia e Tiran\u00ebs, n\u00eb hyrje t\u00eb godin\u00ebs [&hellip;]<\/p>\n","protected":false},"author":4,"featured_media":0,"comment_status":"open","ping_status":"closed","sticky":false,"template":"","format":"standard","meta":{"footnotes":""},"categories":[241,231,235],"tags":[],"class_list":{"0":"post-68125","1":"post","2":"type-post","3":"status-publish","4":"format-standard","6":"category-aktualitet","7":"category-lajme","8":"category-vendi"},"_links":{"self":[{"href":"https:\/\/zjarr.tv\/sq\/wp-json\/wp\/v2\/posts\/68125","targetHints":{"allow":["GET"]}}],"collection":[{"href":"https:\/\/zjarr.tv\/sq\/wp-json\/wp\/v2\/posts"}],"about":[{"href":"https:\/\/zjarr.tv\/sq\/wp-json\/wp\/v2\/types\/post"}],"author":[{"embeddable":true,"href":"https:\/\/zjarr.tv\/sq\/wp-json\/wp\/v2\/users\/4"}],"replies":[{"embeddable":true,"href":"https:\/\/zjarr.tv\/sq\/wp-json\/wp\/v2\/comments?post=68125"}],"version-history":[{"count":0,"href":"https:\/\/zjarr.tv\/sq\/wp-json\/wp\/v2\/posts\/68125\/revisions"}],"wp:attachment":[{"href":"https:\/\/zjarr.tv\/sq\/wp-json\/wp\/v2\/media?parent=68125"}],"wp:term":[{"taxonomy":"category","embeddable":true,"href":"https:\/\/zjarr.tv\/sq\/wp-json\/wp\/v2\/categories?post=68125"},{"taxonomy":"post_tag","embeddable":true,"href":"https:\/\/zjarr.tv\/sq\/wp-json\/wp\/v2\/tags?post=68125"}],"curies":[{"name":"wp","href":"https:\/\/api.w.org\/{rel}","templated":true}]}}