{"id":68911,"date":"2019-02-16T10:37:08","date_gmt":"2019-02-16T09:37:08","guid":{"rendered":"https:\/\/zjarr.tv\/?p=68911"},"modified":"2019-02-16T10:37:08","modified_gmt":"2019-02-16T09:37:08","slug":"berat-pd-ankohet-se-po-bllokohen-mjetet-e-transportit-nuk-pajisen-me-flete-udhetimi","status":"publish","type":"post","link":"https:\/\/zjarr.tv\/sq\/berat-pd-ankohet-se-po-bllokohen-mjetet-e-transportit-nuk-pajisen-me-flete-udhetimi\/","title":{"rendered":"Berat\/ PD ankohet se po bllokohen mjetet e transportit, nuk pajisen me flet\u00eb-udh\u00ebtimi"},"content":{"rendered":"<p>Nisen autobuz\u00ebt nga Berati p\u00ebr n\u00eb proteset\u00ebn e opozit\u00ebs n\u00eb Tiran\u00eb. Rreth 800 prostestues nga PD-ja Berat dhe 300 nga LSI-ja,jan\u00eb nisur drejt Tiran\u00ebs,p\u00ebr tu b\u00ebr\u00eb pjes\u00eb e protest\u00ebs s\u00eb opozit\u00ebs q\u00eb fillon n\u00eb or\u00ebn 11 p\u00ebrpara kryeministris\u00eb.<\/p>\n<p>8 autobuza dhe 150 mjete, autovetura, jan\u00eb mbushur me protestues t\u00eb PD-s\u00eb dhe LSI-s\u00eb nga Berati,nd\u00ebrkoh\u00eb q\u00eb nga Ku\u00e7ova jan\u00eb nisur 300 protestues, nga Ura-Vajgurore 150 dhe Skrapari 400 protestues.<\/p>\n<p>Autobuz\u00ebt dhe furgonat jan\u00eb nisur p\u00ebrpara deg\u00ebs s\u00eb PD-s\u00eb s\u00eb Beratit,nd\u00ebrkoh\u00eb q\u00eb si asnj\u00ebher\u00eb tjet\u00ebr,nga Berati jan\u00eb nisur mbi 150 mjete t\u0113 vogla,autovetura.<\/p>\n<p>Nj\u00eb autobuz me protestues u bllokua nga policia n\u00eb dalje t\u00eb qytetit t\u00eb Beratit p\u00ebr 10 minuta dhe u zbrit\u00ebn jasht\u00eb protestuesit. Menj\u00ebher\u00eb pas mb\u00ebrritjes s\u00eb medias dhe kryetarit t\u00eb PD-s\u00eb Berat,autobuzi u lejua t\u00eb largohet drejt Tiran\u00ebs.<\/p>\n<p>Autobuz\u00ebt e Beratit nuk pajisen me flet\u00eb-udh\u00ebtimi drejt Tiran\u00eb nga terminali. Kryetari i PD-s\u00eb Berat,Gazmend Azizi-:\u201dShteti po pengon ikjen e autobuz\u00ebve me protestues nga rrethet. Autobuz\u00ebt u nis\u00eb pa fleta-udh\u00ebtimi por kjo do t\u00eb thot\u00eb q\u00eb rrezikojn\u00eb gjibitjen nga policia rrug\u00ebs. N\u00eb rrug\u00ebt e qytetit si asnj\u00ebher\u00eb tjet\u00ebr ka shum\u00eb postblloqe policie n\u00eb rrug\u00eb\u201d.<\/p>\n","protected":false},"excerpt":{"rendered":"<p>Nisen autobuz\u00ebt nga Berati p\u00ebr n\u00eb proteset\u00ebn e opozit\u00ebs n\u00eb Tiran\u00eb. Rreth 800 prostestues nga PD-ja Berat dhe 300 nga LSI-ja,jan\u00eb nisur drejt Tiran\u00ebs,p\u00ebr tu b\u00ebr\u00eb pjes\u00eb e protest\u00ebs s\u00eb opozit\u00ebs q\u00eb fillon n\u00eb or\u00ebn 11 p\u00ebrpara kryeministris\u00eb. 8 autobuza dhe 150 mjete, autovetura, jan\u00eb mbushur me protestues t\u00eb PD-s\u00eb dhe LSI-s\u00eb nga Berati,nd\u00ebrkoh\u00eb q\u00eb [&hellip;]<\/p>\n","protected":false},"author":2020,"featured_media":68912,"comment_status":"open","ping_status":"closed","sticky":false,"template":"","format":"standard","meta":{"footnotes":""},"categories":[241,231,235],"tags":[],"class_list":{"0":"post-68911","1":"post","2":"type-post","3":"status-publish","4":"format-standard","5":"has-post-thumbnail","7":"category-aktualitet","8":"category-lajme","9":"category-vendi"},"_links":{"self":[{"href":"https:\/\/zjarr.tv\/sq\/wp-json\/wp\/v2\/posts\/68911","targetHints":{"allow":["GET"]}}],"collection":[{"href":"https:\/\/zjarr.tv\/sq\/wp-json\/wp\/v2\/posts"}],"about":[{"href":"https:\/\/zjarr.tv\/sq\/wp-json\/wp\/v2\/types\/post"}],"author":[{"embeddable":true,"href":"https:\/\/zjarr.tv\/sq\/wp-json\/wp\/v2\/users\/2020"}],"replies":[{"embeddable":true,"href":"https:\/\/zjarr.tv\/sq\/wp-json\/wp\/v2\/comments?post=68911"}],"version-history":[{"count":0,"href":"https:\/\/zjarr.tv\/sq\/wp-json\/wp\/v2\/posts\/68911\/revisions"}],"wp:featuredmedia":[{"embeddable":true,"href":"https:\/\/zjarr.tv\/sq\/wp-json\/wp\/v2\/media\/68912"}],"wp:attachment":[{"href":"https:\/\/zjarr.tv\/sq\/wp-json\/wp\/v2\/media?parent=68911"}],"wp:term":[{"taxonomy":"category","embeddable":true,"href":"https:\/\/zjarr.tv\/sq\/wp-json\/wp\/v2\/categories?post=68911"},{"taxonomy":"post_tag","embeddable":true,"href":"https:\/\/zjarr.tv\/sq\/wp-json\/wp\/v2\/tags?post=68911"}],"curies":[{"name":"wp","href":"https:\/\/api.w.org\/{rel}","templated":true}]}}