{"id":69780,"date":"2019-02-21T11:12:43","date_gmt":"2019-02-21T10:12:43","guid":{"rendered":"https:\/\/zjarr.tv\/?p=69780"},"modified":"2019-02-21T11:12:43","modified_gmt":"2019-02-21T10:12:43","slug":"protesta-deputetet-e-opozites-dorezojne-publikisht-mandatet-rama-ik","status":"publish","type":"post","link":"https:\/\/zjarr.tv\/sq\/protesta-deputetet-e-opozites-dorezojne-publikisht-mandatet-rama-ik\/","title":{"rendered":"Protesta\/  Deputet\u00ebt e opozit\u00ebs dor\u00ebzojn\u00eb publikisht mandatet: Rama ik!"},"content":{"rendered":"<p>Ka nisur protesta e thirrur nga opozita e bashkuar para parlamentit. Mij\u00ebra qytetar\u00eb, mb\u00ebshtet\u00ebs t\u00eb opozit\u00ebs jan\u00eb mbledhur tek Parlamenti dhe k\u00ebrkojn\u00eb largimin e kryeministrit Edi Rama. Protestuesve iu jan\u00eb bashkuar lider\u00ebt Lulzim Basha, Monika Kryemadhi, Sali Berisha etj.<\/p>\n<p>Deputet\u00ebt kan\u00eb dor\u00ebzuar publikisht mandatet e tyre. I pari ka qen\u00eb Ervin Salianji.<\/p>\n<p><strong>Klevis Balliu<\/strong>: Fuqia \u00ebsht\u00eb e juaja. I themi k\u00ebtij krimineli nj\u00ebz\u00ebri: Rama ik. Sot \u00ebsht\u00eb koha juaj dhe merrni n\u00eb dor\u00eb fatet e vendit.<\/p>\n<p><strong>Shp\u00ebtim Idrizi:<\/strong>\u00a0Jam sot k\u00ebtu p\u00ebr ti th\u00ebn\u00eb dallkaukut t\u00eb p\u00ebrparimit: hapi rrug\u00eb shqiptar\u00ebve, zgjedhjeve t\u00eb lira sepse shqiptar\u00ebt do ta marrin vet\u00eb fatin e tyre n\u00eb dor\u00eb. N\u00ebse detyrove 4 mij\u00eb shqiptar\u00eb t\u00eb iknin nga Shqip\u00ebria, sot ka ardhur koha t\u00eb ik\u00ebsh ti. Shqiptar\u00ebt jan\u00eb t\u00eb gatsh\u00ebm si\u00e7 larguan komunizmin t\u00eb t\u00eb largojn\u00eb dhe ty. Nuk mundet taksat e shqiptar\u00ebve t\u00eb shkojn\u00eb tek duart e pes\u00eb vet\u00ebve. I them o n\u00ebt\u00ebdhejet\u00eb e n\u00ebtsh\u00eb largohu ose shqiptar\u00ebt do t\u00eb punojn\u00eb qind\u00ebshin.<\/p>\n<p><strong>Jorida Tabaku<\/strong>\u00a0n\u00eb protest\u00eb: Sot b\u00ebhemi bashk\u00eb p\u00ebr t\u00eb larguar k\u00ebt\u00eb shtet q\u00eb ka kapur p\u00ebr fyti t\u00eb gjith\u00eb. Sot b\u00ebhemi bashk\u00eb p\u00ebr t\u00eb shporrur k\u00ebt\u00eb qeveri dhe Ram\u00ebn.<\/p>\n<p><strong>Ervin Salianji:<\/strong>\u00a0M\u00eb dat\u00eb 16 d\u00ebgjuam z\u00ebrin e qytetar\u00ebve. Sot mandati im, mandati i Ervin Salianjit iu takon juve, fitore!<\/p>\n<p><strong>Nora Malaj:<\/strong>\u00a0Mandati im p\u00ebr t\u00eb gjitha grat\u00eb dhe vajzat q\u00eb e duan Shqip\u00ebrin\u00eb e lir\u00eb.<\/p>\n<p><strong>Luan Ba\u00e7i:<\/strong>\u00a0Mandati im \u00ebsht\u00eb i juaji. T\u00eb gjith\u00eb bashk\u00eb \u201cRama ik!\u201d.<\/p>\n<p><strong>Gent Strazimiri:<\/strong>\u00a0P\u00ebrsh\u00ebndetje njer\u00ebz t\u00eb lir\u00eb. Si sot 28 vjet m\u00eb par\u00eb Gramoz Ru\u00e7i b\u00ebri veprimin e par\u00eb si minist\u00ebr i brendsh\u00ebm i diktatur\u00ebs. Sot pas 28 vitesh kryetari i parlamentit rrethon me tela me gjemba parlamentin sepse ka frik\u00eb nga populli.<\/p>\n<p><strong>Kejdi Mehmetaj:<\/strong>\u00a0Mandati i deputetes nuk \u00ebsht\u00eb i imi, mandati \u00ebsht\u00eb i juaji, \u00ebsht\u00eb i t\u00eb rinjve dhe t\u00eb rejave t\u00eb Shqip\u00ebris\u00eb. Ta b\u00ebjm\u00eb Shqip\u00ebrin\u00eb sht\u00ebpine ton\u00eb!<\/p>\n<p>Ndryshe nga protesta e kaluar policia ka forcuar radh\u00ebt e saj. Jan\u00eb 7 kordon\u00eb polic\u00ebsh para parlamentit. M\u00ebsohet se efektiv\u00ebt e FNSH-ve jan\u00eb vendosur pas tre kordon\u00ebve s\u00eb policis\u00eb s\u00eb rendit dhe 3 kordon\u00ebve t\u00eb forcave Shqiponja. Nd\u00ebrkoh\u00eb protestuesit jan\u00eb mbledhur para parlamentit. Opozita e Bashkuar proteston s\u00ebrish sot, por tubimi do t\u00eb mbahet para parlamentit.<\/p>\n<p>1200 forca policie do t\u00eb jen\u00eb n\u00eb terren p\u00ebr t\u00eb ruajtur rendin dhe qet\u00ebsin\u00eb. Forcat e Nd\u00ebrhyrjes s\u00eb Shpejt\u00eb do t\u00eb jen\u00eb n\u00eb oborrin e parlamentit, nd\u00ebrsa garda do t\u00eb q\u00ebndroj\u00eb brenda parlamentit dhe n\u00eb tarrac\u00eb. Nd\u00ebrkoh\u00eb p\u00ebrreth parlamentit jan\u00eb vendosur tela me gjemba. Protestuesit kan\u00eb nisur thirrjet e tyre \u201cRama ik\u201d duke iu r\u00ebn\u00eb vuvuzelave.<\/p>\n<p>M\u00ebsohet se tashm\u00eb \u00ebsht\u00eb formuar kordoni i policis\u00eb p\u00ebrgjat\u00eb parlamentit. Po k\u00ebshtu \u00ebsht\u00eb bllokuar pedonalia p\u00ebr k\u00ebmb\u00ebsor\u00ebt dhe qarkullimi n\u00eb rrug\u00ebn \u201cXhorxh Bush\u201d.<\/p>\n<p>&nbsp;<\/p>\n<p>&nbsp;<\/p>\n","protected":false},"excerpt":{"rendered":"<p>Ka nisur protesta e thirrur nga opozita e bashkuar para parlamentit. Mij\u00ebra qytetar\u00eb, mb\u00ebshtet\u00ebs t\u00eb opozit\u00ebs jan\u00eb mbledhur tek Parlamenti dhe k\u00ebrkojn\u00eb largimin e kryeministrit Edi Rama. Protestuesve iu jan\u00eb bashkuar lider\u00ebt Lulzim Basha, Monika Kryemadhi, Sali Berisha etj. Deputet\u00ebt kan\u00eb dor\u00ebzuar publikisht mandatet e tyre. I pari ka qen\u00eb Ervin Salianji. Klevis Balliu: Fuqia [&hellip;]<\/p>\n","protected":false},"author":4,"featured_media":69783,"comment_status":"open","ping_status":"closed","sticky":false,"template":"","format":"standard","meta":{"footnotes":""},"categories":[241,231,235],"tags":[],"class_list":{"0":"post-69780","1":"post","2":"type-post","3":"status-publish","4":"format-standard","5":"has-post-thumbnail","7":"category-aktualitet","8":"category-lajme","9":"category-vendi"},"_links":{"self":[{"href":"https:\/\/zjarr.tv\/sq\/wp-json\/wp\/v2\/posts\/69780","targetHints":{"allow":["GET"]}}],"collection":[{"href":"https:\/\/zjarr.tv\/sq\/wp-json\/wp\/v2\/posts"}],"about":[{"href":"https:\/\/zjarr.tv\/sq\/wp-json\/wp\/v2\/types\/post"}],"author":[{"embeddable":true,"href":"https:\/\/zjarr.tv\/sq\/wp-json\/wp\/v2\/users\/4"}],"replies":[{"embeddable":true,"href":"https:\/\/zjarr.tv\/sq\/wp-json\/wp\/v2\/comments?post=69780"}],"version-history":[{"count":0,"href":"https:\/\/zjarr.tv\/sq\/wp-json\/wp\/v2\/posts\/69780\/revisions"}],"wp:featuredmedia":[{"embeddable":true,"href":"https:\/\/zjarr.tv\/sq\/wp-json\/wp\/v2\/media\/69783"}],"wp:attachment":[{"href":"https:\/\/zjarr.tv\/sq\/wp-json\/wp\/v2\/media?parent=69780"}],"wp:term":[{"taxonomy":"category","embeddable":true,"href":"https:\/\/zjarr.tv\/sq\/wp-json\/wp\/v2\/categories?post=69780"},{"taxonomy":"post_tag","embeddable":true,"href":"https:\/\/zjarr.tv\/sq\/wp-json\/wp\/v2\/tags?post=69780"}],"curies":[{"name":"wp","href":"https:\/\/api.w.org\/{rel}","templated":true}]}}