{"id":69791,"date":"2019-02-21T11:19:11","date_gmt":"2019-02-21T10:19:11","guid":{"rendered":"https:\/\/zjarr.tv\/?p=69791"},"modified":"2019-02-21T11:19:11","modified_gmt":"2019-02-21T10:19:11","slug":"brace-dy-hapa-pas-nuk-do-i-bejme-kurre-qetesi-durim-e-ligj","status":"publish","type":"post","link":"https:\/\/zjarr.tv\/sq\/brace-dy-hapa-pas-nuk-do-i-bejme-kurre-qetesi-durim-e-ligj\/","title":{"rendered":"Bra\u00e7e: Dy hapa pas nuk do i b\u00ebjm\u00eb kurr\u00eb. Qet\u00ebsi, durim e ligj"},"content":{"rendered":"<p>Zv\/kryeministri Erion Bra\u00e7e ka komentuar p\u00ebrmes nj\u00eb postimi n\u00eb rrjetet sociale. Nd\u00ebrsa protesta e opozit\u00ebs s\u00eb bashkuar ka nisur para parlamentit, Brace apelon p\u00ebr qet\u00ebsi, durim e ligj. Nj\u00eb p\u00ebrgjigje zv\/kryeministri Brace ka edhe p\u00ebr presidentit Ilir Meta, i cili nj\u00eb dit\u00eb m\u00eb par\u00eb k\u00ebrkoi nj\u00eb hap pas nga opozita, dhe dy nga qeveria.<\/p>\n<p>\u201c #DyHapaPas nuk do i bejme kurre; I pari-Asnje cm pas nga #Demokracia, #Liria, #VotaeQytetareve dhe #Ligji. Pa to #SistemiDemokratik bie. I dyti-Asnje cm pas nga #ReformaneDrejtesi, #DrejtesiaeRe e njejte per te gjithe, #TeFortePolitik, #TeForteBiznesi, #TeForteRrugesh.\u201d shkruan Bra\u00e7e n\u00eb twittwr ndwrsa nw facebok apelon pwr qetwsi e durim<\/p>\n<p>\u201c Gjithcka p\u00ebr; Demokracin\u00eb, Lirin\u00eb, Vot\u00ebn e Qytetar\u00ebve dhe Ligjin n\u00eb k\u00ebt\u00eb vend! Gjithcka p\u00ebr;<\/p>\n<p>Drejt\u00ebsin\u00eb e Re, funksionale e t\u00eb barabart\u00eb p\u00ebr t\u00eb gjith\u00eb! Ose t\u00eb barabart\u00eb \u00a0si qytetar\u00eb n\u00eb t\u00eb drejta e para ligjit, Ose pabarazia do vijoj\u00eb t\u00eb shkaterroj\u00eb Demokracin\u00eb. Qet\u00ebsi, Durim, Ligj sot!\u201d njw koment Brace ka edhe p\u00ebr dorwzimin e mandatit tw deputetit nga ish kryeministri Berisha.<\/p>\n<p>\u201c20Shkurt serish; #IKU DHE BUSTI I FUNDIT! Sali Berisha me nj\u00eb makin\u00eb dhe dy duar t\u00eb ndryshme, ik\u00ebn nga Kuvendi! Por s\u2019ka mbaruar akoma;#Drejt\u00ebsi Tani\u201d shkruan Brace.\u201d<\/p>\n","protected":false},"excerpt":{"rendered":"<p>Zv\/kryeministri Erion Bra\u00e7e ka komentuar p\u00ebrmes nj\u00eb postimi n\u00eb rrjetet sociale. Nd\u00ebrsa protesta e opozit\u00ebs s\u00eb bashkuar ka nisur para parlamentit, Brace apelon p\u00ebr qet\u00ebsi, durim e ligj. Nj\u00eb p\u00ebrgjigje zv\/kryeministri Brace ka edhe p\u00ebr presidentit Ilir Meta, i cili nj\u00eb dit\u00eb m\u00eb par\u00eb k\u00ebrkoi nj\u00eb hap pas nga opozita, dhe dy nga qeveria. \u201c [&hellip;]<\/p>\n","protected":false},"author":2020,"featured_media":69795,"comment_status":"open","ping_status":"closed","sticky":false,"template":"","format":"standard","meta":{"footnotes":""},"categories":[241,231,235],"tags":[],"class_list":{"0":"post-69791","1":"post","2":"type-post","3":"status-publish","4":"format-standard","5":"has-post-thumbnail","7":"category-aktualitet","8":"category-lajme","9":"category-vendi"},"_links":{"self":[{"href":"https:\/\/zjarr.tv\/sq\/wp-json\/wp\/v2\/posts\/69791","targetHints":{"allow":["GET"]}}],"collection":[{"href":"https:\/\/zjarr.tv\/sq\/wp-json\/wp\/v2\/posts"}],"about":[{"href":"https:\/\/zjarr.tv\/sq\/wp-json\/wp\/v2\/types\/post"}],"author":[{"embeddable":true,"href":"https:\/\/zjarr.tv\/sq\/wp-json\/wp\/v2\/users\/2020"}],"replies":[{"embeddable":true,"href":"https:\/\/zjarr.tv\/sq\/wp-json\/wp\/v2\/comments?post=69791"}],"version-history":[{"count":0,"href":"https:\/\/zjarr.tv\/sq\/wp-json\/wp\/v2\/posts\/69791\/revisions"}],"wp:featuredmedia":[{"embeddable":true,"href":"https:\/\/zjarr.tv\/sq\/wp-json\/wp\/v2\/media\/69795"}],"wp:attachment":[{"href":"https:\/\/zjarr.tv\/sq\/wp-json\/wp\/v2\/media?parent=69791"}],"wp:term":[{"taxonomy":"category","embeddable":true,"href":"https:\/\/zjarr.tv\/sq\/wp-json\/wp\/v2\/categories?post=69791"},{"taxonomy":"post_tag","embeddable":true,"href":"https:\/\/zjarr.tv\/sq\/wp-json\/wp\/v2\/tags?post=69791"}],"curies":[{"name":"wp","href":"https:\/\/api.w.org\/{rel}","templated":true}]}}