{"id":69818,"date":"2019-02-21T11:48:33","date_gmt":"2019-02-21T10:48:33","guid":{"rendered":"https:\/\/zjarr.tv\/?p=69818"},"modified":"2019-02-21T11:48:33","modified_gmt":"2019-02-21T10:48:33","slug":"kryemadhi-mandatet-tona-nuk-jane-me-mandate-te-narkoshtetit-jane-te-shqiptareve-ska-kthim-pas","status":"publish","type":"post","link":"https:\/\/zjarr.tv\/sq\/kryemadhi-mandatet-tona-nuk-jane-me-mandate-te-narkoshtetit-jane-te-shqiptareve-ska-kthim-pas\/","title":{"rendered":"Kryemadhi: Mandatet tona nuk jan\u00eb m\u00eb mandate t\u00eb narkoshtetit, jan\u00eb t\u00eb shqiptar\u00ebve. S\u2019ka kthim pas"},"content":{"rendered":"<p style=\"line-height: 16.5pt;background: white;vertical-align: baseline;margin: 0in 0in 12.0pt 0in\"><span style=\"color: black\">Kryetarja e LSI-s\u00eb, Monika Kryemadhi, i ka drejtuar nj\u00eb thirrje t\u00eb fort\u00eb mij\u00ebra protestuesve t\u00eb mbledhur p\u00ebrpara parlamentit, por thirrjen e saj e nisi duke ia drejtuar s\u00eb pari polic\u00ebve, t\u00eb cil\u00ebt i kan\u00eb vendosur para familjeve t\u00eb tyre.<\/span><\/p>\n<p style=\"line-height: 16.5pt;background: white;vertical-align: baseline;margin: 0in 0in 12.0pt 0in\"><span style=\"color: black\">\u201cMandatet tona m\u00eb shum\u00eb se kurr\u00eb jan\u00eb p\u00ebr t\u00eb gjith\u00eb ata vajza dhe djem polic\u00eb , q\u00eb e duan Shqip\u00ebrin\u00eb dhe popullin e tyre, &#8211; tha Kryemadhi. &#8211; \u00a0Sot mandatet tona nuk jan\u00eb m\u00eb mandate t\u00eb narkoshtetit. Nuk jan\u00eb m\u00eb fasad\u00eb e narkoshtetit. Jan\u00eb mandatet e\u00a0 shqiptar\u00ebve,<\/span><\/p>\n<p style=\"line-height: 16.5pt;background: white;vertical-align: baseline;margin: 0in 0in 12.0pt 0in\"><span style=\"color: black;background: white\">Sot mandatet tona jan\u00eb mandate p\u00ebr t\u2019u kthyer edhe nj\u00ebher\u00eb n\u00eb 1990 dhe p\u00ebr t\u00eb thirrur edhe nj\u00ebh\u00ebr\u00eb \u201cLiri \u2013 Demokraci\u201d<\/span><\/p>\n<p style=\"line-height: 16.5pt;background: white;vertical-align: baseline;margin: 0in 0in 12.0pt 0in\"><span style=\"color: black\">Sot mandatet tona nuk jan\u00eb m\u00eb fasad\u00eb e nj\u00eb parlamenti q\u00eb rrethohet me tela me gjemba. Jan\u00eb mandatet e minator\u00ebve, naft\u00ebtar\u00ebve, e atyre student\u00ebve q\u00eb n\u00eb m\u00ebnyr\u00ebn m\u00eb t\u00eb bukur i nxor\u00ebn boj\u00ebn shtetit t\u00eb kalbur t\u00eb Edi Ram\u00ebs.<\/span><\/p>\n<p style=\"line-height: 16.5pt;background: white;vertical-align: baseline;text-align: start;margin: 0in 0in 12.0pt 0in\"><span style=\"color: black\">N\u00ebse n\u00eb \u00e7do vend t\u00eb Evrop\u00ebs, n\u00eb Amerik\u00eb apo vend demokratik, n\u00ebse nj\u00eb kryeminist\u00ebr apo deputet do t\u00eb faktohej nga prokuroria q\u00eb votat e tyre jan\u00eb bler\u00eb me parat\u00eb e kartelit t\u00eb drog\u00ebs, do t\u00eb ishin n\u00eb burg, por dhe do t\u00eb kishin djegur \u00e7do cep t\u00eb narkoshtetit.<\/span><\/p>\n<p style=\"line-height: 16.5pt;background: white;vertical-align: baseline;text-align: start;margin: 0in 0in 12.0pt 0in\"><span style=\"color: black\">Mandatet tona do t\u00eb digjen p\u00ebr t\u00eb b\u00ebr\u00eb paktin p\u00ebr shtetit, p\u00ebr t\u00eb nd\u00ebrtuar shtetin, q\u00eb t\u00eb mos guxoj\u00eb njeri t\u00eb vij\u00eb n\u00eb pushtet me gjakun e shqiptar\u00ebve. Japin fjal\u00ebn sot q\u00eb nuk ka kthim pas se do t\u00eb na mallkoj\u00eb shpirti i shqiptar\u00ebve.<\/span><\/p>\n<p style=\"line-height: 16.5pt;background: white;vertical-align: baseline;text-align: start;margin: 0in 0in 12.0pt 0in\"><span style=\"color: black\">Rama ka ikur, se po t\u00eb ishte i fort\u00eb, sot do t\u00eb ishte n\u00eb at\u00eb sall\u00eb, nuk do t\u00eb ikte si Arafati q\u00eb nuk rri dot n\u00eb nj\u00eb vend, nuk do t\u00eb fshihej si miu vrimave t\u00eb drog\u00ebs.<\/span><\/p>\n<p style=\"line-height: 16.5pt;background: white;vertical-align: baseline;text-align: start;margin: 0in 0in 12.0pt 0in\"><span style=\"color: black\">Ju b\u00ebj thirrje, q\u00eb ky kryeminist\u00ebr nuk mund t\u00eb mbaj\u00eb n\u00eb dor\u00eb t\u00eb ardhmen e shqiptar\u00ebve.<\/span><\/p>\n<p style=\"line-height: 16.5pt;background: white;vertical-align: baseline;text-align: start;margin: 0in 0in 12.0pt 0in\"><span style=\"color: black\">Secili nga ne ka nj\u00eb mision: t\u00eb largojm\u00eb krimin, t\u00eb ndajm\u00eb politik\u00ebn nga krimi dhe droga dhe t\u2019u kthejm\u00eb Shqip\u00ebrin\u00eb shqiptar\u00ebve, t\u00eb kthejm\u00eb ata shqiptar\u00eb q\u00eb Edi Rama i largoi\u201d<\/span><\/p>\n","protected":false},"excerpt":{"rendered":"<p>Kryetarja e LSI-s\u00eb, Monika Kryemadhi, i ka drejtuar nj\u00eb thirrje t\u00eb fort\u00eb mij\u00ebra protestuesve t\u00eb mbledhur p\u00ebrpara parlamentit, por thirrjen e saj e nisi duke ia drejtuar s\u00eb pari polic\u00ebve, t\u00eb cil\u00ebt i kan\u00eb vendosur para familjeve t\u00eb tyre. \u201cMandatet tona m\u00eb shum\u00eb se kurr\u00eb jan\u00eb p\u00ebr t\u00eb gjith\u00eb ata vajza dhe djem polic\u00eb , [&hellip;]<\/p>\n","protected":false},"author":2020,"featured_media":69819,"comment_status":"open","ping_status":"closed","sticky":false,"template":"","format":"standard","meta":{"footnotes":""},"categories":[241,231,235],"tags":[],"class_list":{"0":"post-69818","1":"post","2":"type-post","3":"status-publish","4":"format-standard","5":"has-post-thumbnail","7":"category-aktualitet","8":"category-lajme","9":"category-vendi"},"_links":{"self":[{"href":"https:\/\/zjarr.tv\/sq\/wp-json\/wp\/v2\/posts\/69818","targetHints":{"allow":["GET"]}}],"collection":[{"href":"https:\/\/zjarr.tv\/sq\/wp-json\/wp\/v2\/posts"}],"about":[{"href":"https:\/\/zjarr.tv\/sq\/wp-json\/wp\/v2\/types\/post"}],"author":[{"embeddable":true,"href":"https:\/\/zjarr.tv\/sq\/wp-json\/wp\/v2\/users\/2020"}],"replies":[{"embeddable":true,"href":"https:\/\/zjarr.tv\/sq\/wp-json\/wp\/v2\/comments?post=69818"}],"version-history":[{"count":0,"href":"https:\/\/zjarr.tv\/sq\/wp-json\/wp\/v2\/posts\/69818\/revisions"}],"wp:featuredmedia":[{"embeddable":true,"href":"https:\/\/zjarr.tv\/sq\/wp-json\/wp\/v2\/media\/69819"}],"wp:attachment":[{"href":"https:\/\/zjarr.tv\/sq\/wp-json\/wp\/v2\/media?parent=69818"}],"wp:term":[{"taxonomy":"category","embeddable":true,"href":"https:\/\/zjarr.tv\/sq\/wp-json\/wp\/v2\/categories?post=69818"},{"taxonomy":"post_tag","embeddable":true,"href":"https:\/\/zjarr.tv\/sq\/wp-json\/wp\/v2\/tags?post=69818"}],"curies":[{"name":"wp","href":"https:\/\/api.w.org\/{rel}","templated":true}]}}