{"id":69821,"date":"2019-02-21T11:56:13","date_gmt":"2019-02-21T10:56:13","guid":{"rendered":"https:\/\/zjarr.tv\/?p=69821"},"modified":"2019-02-21T11:56:13","modified_gmt":"2019-02-21T10:56:13","slug":"skandal-akep-nderpret-sinjalin-e-te-gjithe-operatoreve-te-telefonise-celulare-ne-sheshet-ku-protestojne-shqiptaret","status":"publish","type":"post","link":"https:\/\/zjarr.tv\/sq\/skandal-akep-nderpret-sinjalin-e-te-gjithe-operatoreve-te-telefonise-celulare-ne-sheshet-ku-protestojne-shqiptaret\/","title":{"rendered":"Skandal\/ AKEP nd\u00ebrpret sinjalin e t\u00eb gjith\u00eb operator\u00ebve t\u00eb telefonis\u00eb celulare, n\u00eb sheshet ku protestojn\u00eb shqiptar\u00ebt"},"content":{"rendered":"<p>Lufta e pushtetit p\u00ebr t\u00eb sabotuar protesten e opozit\u00ebs nuk ka t\u00eb ndaluar<\/p>\n<p>Me t\u00eb gjitha mjetet dhe m\u00ebnyrat q\u00eb nga terrori policor, presione dhe shantazhe me heqje nga puna dhe gjoba e deri tek p\u00ebrdorimi i strukturave te tjera shtet\u00ebrore p\u00ebr t\u00eb ndikuar n\u00eb uljen e vrullit popullor q\u00eb ka pushtuar sheshet e Tiran\u00ebs.<\/p>\n<p>Partia Demokratike ka denoncuar nd\u00ebrprerjen e paligjshme t\u00eb sinjalit t\u00eb gjith\u00eb operator\u00ebve t\u00eb telefonis\u00eb celulare n\u00eb t\u00eb gjith\u00eb bulevardin, p\u00ebrfshir\u00eb zon\u00ebn e protest\u00ebs dhe p\u00ebrreth Partis\u00eb Demokratike.<\/p>\n<p>Por vet\u00eb AKEP n\u00eb nj\u00eb deklarat\u00eb zyrtare njofton se ky veprim \u00ebsht\u00eb nd\u00ebrmarr\u00eb me k\u00ebrkes\u00ebn e Drejtoris\u00eb s\u00eb P\u00ebrgjithshme t\u00eb Policis\u00eb s\u00eb Shtetit.<\/p>\n<p><em>&#8220;Me q\u00ebllim marrjen t\u00eb masave p\u00ebr zbatimin e detyrimeve q\u00eb kan\u00eb t\u00eb b\u00ebjn\u00eb me mbrojtjen e interesave t\u00eb vendit dhe t\u00eb siguris\u00eb publike, Autoriteti i Komunikimeve Elektronike dhe Postare \u00a0ka udh\u00ebzuar operator\u00ebt celulare t\u00eb b\u00ebjn\u00eb nd\u00ebrpreje t\u00eb sh\u00ebrbimeve t\u00eb komunikimeve elektronike n\u00eb disa zona t\u00eb Tiran\u00ebs, nga ora 11.00 deri n\u00eb or\u00ebn 16.00 t\u00eb dat\u00ebs 21 shkurt 2019&#8221;.<\/em><\/p>\n<p>AKEP thot\u00eb se \u00a0ka vepruar n\u00eb zbatim t\u00eb Ligjit 9918\/2008, \u201cP\u00ebr komunikimet elektronike n\u00eb RSH\u201d, i cili autorizon bllokimin e sh\u00ebrbimeve per nevoja te siguris\u00eb publike.<\/p>\n<p>AKEP ju k\u00ebrkon ndjes\u00eb qytetar\u00ebve lidhur me kufizimet e p\u00ebrkoh\u00ebshme t\u00eb sh\u00ebrbimeve dhe shpreson qe situata t\u00eb tilla t\u00eb mos jen\u00eb t\u00eb nevojshme n\u00eb t\u00eb ardhmen.<\/p>\n","protected":false},"excerpt":{"rendered":"<p>Lufta e pushtetit p\u00ebr t\u00eb sabotuar protesten e opozit\u00ebs nuk ka t\u00eb ndaluar Me t\u00eb gjitha mjetet dhe m\u00ebnyrat q\u00eb nga terrori policor, presione dhe shantazhe me heqje nga puna dhe gjoba e deri tek p\u00ebrdorimi i strukturave te tjera shtet\u00ebrore p\u00ebr t\u00eb ndikuar n\u00eb uljen e vrullit popullor q\u00eb ka pushtuar sheshet e Tiran\u00ebs. [&hellip;]<\/p>\n","protected":false},"author":2020,"featured_media":0,"comment_status":"open","ping_status":"closed","sticky":false,"template":"","format":"standard","meta":{"footnotes":""},"categories":[241,231,235],"tags":[],"class_list":{"0":"post-69821","1":"post","2":"type-post","3":"status-publish","4":"format-standard","6":"category-aktualitet","7":"category-lajme","8":"category-vendi"},"_links":{"self":[{"href":"https:\/\/zjarr.tv\/sq\/wp-json\/wp\/v2\/posts\/69821","targetHints":{"allow":["GET"]}}],"collection":[{"href":"https:\/\/zjarr.tv\/sq\/wp-json\/wp\/v2\/posts"}],"about":[{"href":"https:\/\/zjarr.tv\/sq\/wp-json\/wp\/v2\/types\/post"}],"author":[{"embeddable":true,"href":"https:\/\/zjarr.tv\/sq\/wp-json\/wp\/v2\/users\/2020"}],"replies":[{"embeddable":true,"href":"https:\/\/zjarr.tv\/sq\/wp-json\/wp\/v2\/comments?post=69821"}],"version-history":[{"count":0,"href":"https:\/\/zjarr.tv\/sq\/wp-json\/wp\/v2\/posts\/69821\/revisions"}],"wp:attachment":[{"href":"https:\/\/zjarr.tv\/sq\/wp-json\/wp\/v2\/media?parent=69821"}],"wp:term":[{"taxonomy":"category","embeddable":true,"href":"https:\/\/zjarr.tv\/sq\/wp-json\/wp\/v2\/categories?post=69821"},{"taxonomy":"post_tag","embeddable":true,"href":"https:\/\/zjarr.tv\/sq\/wp-json\/wp\/v2\/tags?post=69821"}],"curies":[{"name":"wp","href":"https:\/\/api.w.org\/{rel}","templated":true}]}}