{"id":69826,"date":"2019-02-21T12:00:16","date_gmt":"2019-02-21T11:00:16","guid":{"rendered":"https:\/\/zjarr.tv\/?p=69826"},"modified":"2019-02-21T12:00:16","modified_gmt":"2019-02-21T11:00:16","slug":"basha-dhe-protestuesit-po-marshojne-drejt-kryesise-se-kuvendit-per-te-dorezuar-mandatet","status":"publish","type":"post","link":"https:\/\/zjarr.tv\/sq\/basha-dhe-protestuesit-po-marshojne-drejt-kryesise-se-kuvendit-per-te-dorezuar-mandatet\/","title":{"rendered":"Basha, dhe protestuesit po marshojn\u00eb drejt kryesis\u00eb s\u00eb kuvendit p\u00ebr t\u00eb dor\u00ebzuar mandatet"},"content":{"rendered":"<p>Kreu i PD-s\u00eb Lulzim Basha ka mbajtur fjalimin e fundit sot tek parlamenti.<\/p>\n<p>N\u00eb fund t\u00eb fjal\u00ebs s\u00eb tij, Basha ka b\u00ebr\u00eb thirrje shqiptar\u00ebve n\u00eb protest\u00eb q\u00eb ta ndjekin p\u00ebr t\u00eb dor\u00ebzuar mandatet n\u00eb m\u00ebnyr\u00eb p\u00ebrfundimtare.<\/p>\n<p>Basha dhe deputet\u00ebt e PD-s\u00eb po i drejtohen selis\u00eb s\u00eb Kuvendit p\u00ebr t\u00eb dor\u00ebzuar mandatet.<\/p>\n","protected":false},"excerpt":{"rendered":"<p>Kreu i PD-s\u00eb Lulzim Basha ka mbajtur fjalimin e fundit sot tek parlamenti. N\u00eb fund t\u00eb fjal\u00ebs s\u00eb tij, Basha ka b\u00ebr\u00eb thirrje shqiptar\u00ebve n\u00eb protest\u00eb q\u00eb ta ndjekin p\u00ebr t\u00eb dor\u00ebzuar mandatet n\u00eb m\u00ebnyr\u00eb p\u00ebrfundimtare. Basha dhe deputet\u00ebt e PD-s\u00eb po i drejtohen selis\u00eb s\u00eb Kuvendit p\u00ebr t\u00eb dor\u00ebzuar mandatet.<\/p>\n","protected":false},"author":2020,"featured_media":69827,"comment_status":"open","ping_status":"closed","sticky":false,"template":"","format":"standard","meta":{"footnotes":""},"categories":[241,231,235],"tags":[],"class_list":{"0":"post-69826","1":"post","2":"type-post","3":"status-publish","4":"format-standard","5":"has-post-thumbnail","7":"category-aktualitet","8":"category-lajme","9":"category-vendi"},"_links":{"self":[{"href":"https:\/\/zjarr.tv\/sq\/wp-json\/wp\/v2\/posts\/69826","targetHints":{"allow":["GET"]}}],"collection":[{"href":"https:\/\/zjarr.tv\/sq\/wp-json\/wp\/v2\/posts"}],"about":[{"href":"https:\/\/zjarr.tv\/sq\/wp-json\/wp\/v2\/types\/post"}],"author":[{"embeddable":true,"href":"https:\/\/zjarr.tv\/sq\/wp-json\/wp\/v2\/users\/2020"}],"replies":[{"embeddable":true,"href":"https:\/\/zjarr.tv\/sq\/wp-json\/wp\/v2\/comments?post=69826"}],"version-history":[{"count":0,"href":"https:\/\/zjarr.tv\/sq\/wp-json\/wp\/v2\/posts\/69826\/revisions"}],"wp:featuredmedia":[{"embeddable":true,"href":"https:\/\/zjarr.tv\/sq\/wp-json\/wp\/v2\/media\/69827"}],"wp:attachment":[{"href":"https:\/\/zjarr.tv\/sq\/wp-json\/wp\/v2\/media?parent=69826"}],"wp:term":[{"taxonomy":"category","embeddable":true,"href":"https:\/\/zjarr.tv\/sq\/wp-json\/wp\/v2\/categories?post=69826"},{"taxonomy":"post_tag","embeddable":true,"href":"https:\/\/zjarr.tv\/sq\/wp-json\/wp\/v2\/tags?post=69826"}],"curies":[{"name":"wp","href":"https:\/\/api.w.org\/{rel}","templated":true}]}}