{"id":69843,"date":"2019-02-21T12:32:35","date_gmt":"2019-02-21T11:32:35","guid":{"rendered":"https:\/\/zjarr.tv\/?p=69843"},"modified":"2019-02-21T12:32:35","modified_gmt":"2019-02-21T11:32:35","slug":"protestuesit-i-shkojne-rames-tek-dera-supermasa-policie","status":"publish","type":"post","link":"https:\/\/zjarr.tv\/sq\/protestuesit-i-shkojne-rames-tek-dera-supermasa-policie\/","title":{"rendered":"Protestuesit i shkojn\u00eb Ram\u00ebs tek dera, supermasa policie"},"content":{"rendered":"<p style=\"line-height: 24.0pt;margin: 0in 0in 22.5pt 0in\"><span style=\"color: #18191a\">Vet\u00ebm pak minuta diferenc\u00eb nga largimi i kryeministrit Edi Rama nga Kryesia e Kuvendit p\u00ebr n\u00eb Kryeministri nga mb\u00ebrritja e protestuesve.<\/span><\/p>\n<p style=\"line-height: 24.0pt;text-align: start;margin: 0in 0in 22.5pt 0in\"><span style=\"color: #18191a\">Protesta \u00ebsht\u00eb zhvendosur tek Kryesia e Kuvendit, ku kreu i PD-s\u00eb Lulzim Basha tha se dor\u00ebzohen nj\u00ebher\u00eb e mir\u00eb mandatet, nd\u00ebrsa policia ka mbyllur dyer p\u00ebr t\u00eb mos l\u00ebn\u00eb protestuesit t\u00eb hyjn\u00eb.<\/span><\/p>\n<p style=\"line-height: 24.0pt;margin: 0in 0in 22.5pt 0in\"><span style=\"color: #18191a\">Nj\u00eb num\u00ebr i madh protestuesish ndodhen rreth e rrotull Kryesis\u00eb s\u00eb Kuvendit, ku edhe policia \u00ebsht\u00eb b\u00ebr\u00eb gardh p\u00ebr t\u00eb mos l\u00ebn\u00eb protestuesit t\u00eb hyjn\u00eb apo t\u00eb d\u00ebmtojn\u00eb institucionin. Protestuesit kan\u00eb hedhur dhe fishekzjarre e shashka n\u00eb Kryesin\u00eb e Kuvendit.<\/span><\/p>\n<p style=\"line-height: 24.0pt;text-align: start;margin: 0in 0in 22.5pt 0in\"><span style=\"color: #18191a\">Nd\u00ebrkoh\u00eb kryeministri Edi Rama sipas raportimeve t\u00eb gazetar\u00ebve ndodhet n\u00eb Kryeministri pas takimit me kreun e Kuvendit Gramoz Ru\u00e7i. Protestuesit vazhdojn\u00eb t\u00eb th\u00ebrrasin \u201cRama ik!\u201d.<\/span><\/p>\n","protected":false},"excerpt":{"rendered":"<p>Vet\u00ebm pak minuta diferenc\u00eb nga largimi i kryeministrit Edi Rama nga Kryesia e Kuvendit p\u00ebr n\u00eb Kryeministri nga mb\u00ebrritja e protestuesve. Protesta \u00ebsht\u00eb zhvendosur tek Kryesia e Kuvendit, ku kreu i PD-s\u00eb Lulzim Basha tha se dor\u00ebzohen nj\u00ebher\u00eb e mir\u00eb mandatet, nd\u00ebrsa policia ka mbyllur dyer p\u00ebr t\u00eb mos l\u00ebn\u00eb protestuesit t\u00eb hyjn\u00eb. Nj\u00eb num\u00ebr [&hellip;]<\/p>\n","protected":false},"author":2020,"featured_media":0,"comment_status":"open","ping_status":"closed","sticky":false,"template":"","format":"standard","meta":{"footnotes":""},"categories":[241,231,235],"tags":[],"class_list":{"0":"post-69843","1":"post","2":"type-post","3":"status-publish","4":"format-standard","6":"category-aktualitet","7":"category-lajme","8":"category-vendi"},"_links":{"self":[{"href":"https:\/\/zjarr.tv\/sq\/wp-json\/wp\/v2\/posts\/69843","targetHints":{"allow":["GET"]}}],"collection":[{"href":"https:\/\/zjarr.tv\/sq\/wp-json\/wp\/v2\/posts"}],"about":[{"href":"https:\/\/zjarr.tv\/sq\/wp-json\/wp\/v2\/types\/post"}],"author":[{"embeddable":true,"href":"https:\/\/zjarr.tv\/sq\/wp-json\/wp\/v2\/users\/2020"}],"replies":[{"embeddable":true,"href":"https:\/\/zjarr.tv\/sq\/wp-json\/wp\/v2\/comments?post=69843"}],"version-history":[{"count":0,"href":"https:\/\/zjarr.tv\/sq\/wp-json\/wp\/v2\/posts\/69843\/revisions"}],"wp:attachment":[{"href":"https:\/\/zjarr.tv\/sq\/wp-json\/wp\/v2\/media?parent=69843"}],"wp:term":[{"taxonomy":"category","embeddable":true,"href":"https:\/\/zjarr.tv\/sq\/wp-json\/wp\/v2\/categories?post=69843"},{"taxonomy":"post_tag","embeddable":true,"href":"https:\/\/zjarr.tv\/sq\/wp-json\/wp\/v2\/tags?post=69843"}],"curies":[{"name":"wp","href":"https:\/\/api.w.org\/{rel}","templated":true}]}}