{"id":69846,"date":"2019-02-21T12:36:09","date_gmt":"2019-02-21T11:36:09","guid":{"rendered":"https:\/\/zjarr.tv\/?p=69846"},"modified":"2019-02-21T12:36:09","modified_gmt":"2019-02-21T11:36:09","slug":"brace-tjeter-reagim-per-protesten-edhe-nje-here-per-zotin","status":"publish","type":"post","link":"https:\/\/zjarr.tv\/sq\/brace-tjeter-reagim-per-protesten-edhe-nje-here-per-zotin\/","title":{"rendered":"Bra\u00e7e tjet\u00ebr reagim p\u00ebr protest\u00ebn: \u2018Edhe nj\u00eb her\u00eb p\u00ebr Zotin\u2019"},"content":{"rendered":"<p>Ka reaguar s\u00ebrish zv\/kryeministri Erion Brace p\u00ebrmes rrjeteve sociale. Duke iu referefuar deklaratave t\u00eb deputet\u00ebve t\u00eb opozit\u00ebs n\u00eb em\u00ebr t\u00eb Zotit Brace shkruan se kur flitet n\u00eb em\u00ebr t\u00eb tij, duhet patur kujdes me fjalorin.<\/p>\n<p>\u201cEdhe nje here #PerZOTIN! Tani qe flisni ne emer te #Zotit, duhet edhe te beni kujdes me fjalorin; #NUKESHTEFJALORIIZOTITKY #ZotiNukRruan! Zoti edukon me shembullin e tij prej modesti te jashtezakonshem, besimtaret, po po besimtaret; Ai i ruan! #NUKIRRUAN! Per te #RRUJT, Rruajne ata qe vjedhin,<\/p>\n<p>#JoZoti! Kur nuk ben nje diference te tille, mbetesh keshtu sic pershkruan #PAPAFRANCESKU\u201d shkruan zv\/kryeministri Brace<\/p>\n","protected":false},"excerpt":{"rendered":"<p>Ka reaguar s\u00ebrish zv\/kryeministri Erion Brace p\u00ebrmes rrjeteve sociale. Duke iu referefuar deklaratave t\u00eb deputet\u00ebve t\u00eb opozit\u00ebs n\u00eb em\u00ebr t\u00eb Zotit Brace shkruan se kur flitet n\u00eb em\u00ebr t\u00eb tij, duhet patur kujdes me fjalorin. \u201cEdhe nje here #PerZOTIN! Tani qe flisni ne emer te #Zotit, duhet edhe te beni kujdes me fjalorin; #NUKESHTEFJALORIIZOTITKY #ZotiNukRruan! [&hellip;]<\/p>\n","protected":false},"author":2020,"featured_media":69847,"comment_status":"open","ping_status":"closed","sticky":false,"template":"","format":"standard","meta":{"footnotes":""},"categories":[241,231,235],"tags":[],"class_list":{"0":"post-69846","1":"post","2":"type-post","3":"status-publish","4":"format-standard","5":"has-post-thumbnail","7":"category-aktualitet","8":"category-lajme","9":"category-vendi"},"_links":{"self":[{"href":"https:\/\/zjarr.tv\/sq\/wp-json\/wp\/v2\/posts\/69846","targetHints":{"allow":["GET"]}}],"collection":[{"href":"https:\/\/zjarr.tv\/sq\/wp-json\/wp\/v2\/posts"}],"about":[{"href":"https:\/\/zjarr.tv\/sq\/wp-json\/wp\/v2\/types\/post"}],"author":[{"embeddable":true,"href":"https:\/\/zjarr.tv\/sq\/wp-json\/wp\/v2\/users\/2020"}],"replies":[{"embeddable":true,"href":"https:\/\/zjarr.tv\/sq\/wp-json\/wp\/v2\/comments?post=69846"}],"version-history":[{"count":0,"href":"https:\/\/zjarr.tv\/sq\/wp-json\/wp\/v2\/posts\/69846\/revisions"}],"wp:featuredmedia":[{"embeddable":true,"href":"https:\/\/zjarr.tv\/sq\/wp-json\/wp\/v2\/media\/69847"}],"wp:attachment":[{"href":"https:\/\/zjarr.tv\/sq\/wp-json\/wp\/v2\/media?parent=69846"}],"wp:term":[{"taxonomy":"category","embeddable":true,"href":"https:\/\/zjarr.tv\/sq\/wp-json\/wp\/v2\/categories?post=69846"},{"taxonomy":"post_tag","embeddable":true,"href":"https:\/\/zjarr.tv\/sq\/wp-json\/wp\/v2\/tags?post=69846"}],"curies":[{"name":"wp","href":"https:\/\/api.w.org\/{rel}","templated":true}]}}