{"id":69881,"date":"2019-02-21T14:06:35","date_gmt":"2019-02-21T13:06:35","guid":{"rendered":"https:\/\/zjarr.tv\/?p=69881"},"modified":"2019-02-21T14:06:35","modified_gmt":"2019-02-21T13:06:35","slug":"facebook-u-krimineli-dixhital","status":"publish","type":"post","link":"https:\/\/zjarr.tv\/sq\/facebook-u-krimineli-dixhital\/","title":{"rendered":"Facebook-u, krimineli dixhital"},"content":{"rendered":"<p>Rrjeti social Facebook, i p\u00ebrdorur nga mbi 2 miliard\u00eb njer\u00ebz n\u00eb bot\u00eb \u00ebsht\u00eb v\u00ebn\u00eb n\u00eb akuz\u00eb. Nj\u00eb raport i Parlamentit britanik e cil\u00ebson at\u00eb si kriminel dixhital, p\u00ebr shkak t\u00eb lejimit t\u00eb p\u00ebrdorimit t\u00eb t\u00eb dh\u00ebnave personale n\u00eb fushata politike. Nj\u00eb raport i Parlamentit britanik e cil\u00ebson Facebook-un si kriminel dixhital, nj\u00eb etiketim i ashp\u00ebr dhe aspak i zakont\u00eb p\u00ebr rrjetin social t\u00eb miliona p\u00ebrdoruesve n\u00eb mbar\u00eb bot\u00ebn. Komisioni parlamentar, i kryesuar nga nj\u00eb konservator, pas 18 muajve hetime ka dal\u00eb n\u00eb p\u00ebrfundimin se &#8220;Kompanit\u00eb si Facebook nuk duhet t\u00eb lejohen t\u00eb sillen si \u201ckriminel\u00eb dixhital\u00eb&#8221;. Raporti vjen pas zbulimit t\u00eb skandalit Cambridge Analytica, firm\u00eb konsulente me seli n\u00eb Britani, e cila u akuzua p\u00ebr marrjen e t\u00eb dh\u00ebnave nga 87 milion\u00eb profile n\u00eb Facebook, p\u00ebr p\u00ebrdorim n\u00eb fushata politike. Raporti del n\u00eb p\u00ebrfundimin se facebook ka vepruar \u00a0&#8220;n\u00eb vet\u00ebdije t\u00eb plot\u00eb dhe me q\u00ebllim&#8221;. Madje edhe vet\u00eb themeluesi Mark Zuckerberg, besohet se ishte i vet\u00ebdijsh\u00ebm p\u00ebr problemet dhe nuk ka vepruar p\u00ebr t\u00eb korrigjuar k\u00ebto shkelje etike, theksohet n\u00eb raport. Dokumenti ngre nj\u00eb problem serioz menaxhimi n\u00eb rrjetin m\u00eb t\u00eb madh social n\u00eb bot\u00eb, i p\u00ebrdorur nga m\u00eb shum\u00eb se dy miliard\u00eb njer\u00ebz. Deputet\u00ebt britanik\u00eb kan\u00eb theksuar se epoka e vet\u00eb-rregullimit duhet t\u00eb marr\u00eb fund. Ata sugjerojn\u00eb krijimin e nj\u00eb autoriteti t\u00eb pavarur n\u00eb Mbret\u00ebrin\u00eb e Bashkuar p\u00ebr rregullimin e rrjeteve sociale, p\u00ebr t\u00eb hequr p\u00ebrmbajtjet e diskutueshme dhe parashikojn\u00eb vendosjen e gjobave t\u00eb r\u00ebnda.<\/p>\n<p>&nbsp;<\/p>\n","protected":false},"excerpt":{"rendered":"<p>Rrjeti social Facebook, i p\u00ebrdorur nga mbi 2 miliard\u00eb njer\u00ebz n\u00eb bot\u00eb \u00ebsht\u00eb v\u00ebn\u00eb n\u00eb akuz\u00eb. Nj\u00eb raport i Parlamentit britanik e cil\u00ebson at\u00eb si kriminel dixhital, p\u00ebr shkak t\u00eb lejimit t\u00eb p\u00ebrdorimit t\u00eb t\u00eb dh\u00ebnave personale n\u00eb fushata politike. Nj\u00eb raport i Parlamentit britanik e cil\u00ebson Facebook-un si kriminel dixhital, nj\u00eb etiketim i ashp\u00ebr [&hellip;]<\/p>\n","protected":false},"author":2013,"featured_media":0,"comment_status":"open","ping_status":"closed","sticky":false,"template":"","format":"standard","meta":{"footnotes":""},"categories":[241,191],"tags":[],"class_list":{"0":"post-69881","1":"post","2":"type-post","3":"status-publish","4":"format-standard","6":"category-aktualitet","7":"category-bota"},"_links":{"self":[{"href":"https:\/\/zjarr.tv\/sq\/wp-json\/wp\/v2\/posts\/69881","targetHints":{"allow":["GET"]}}],"collection":[{"href":"https:\/\/zjarr.tv\/sq\/wp-json\/wp\/v2\/posts"}],"about":[{"href":"https:\/\/zjarr.tv\/sq\/wp-json\/wp\/v2\/types\/post"}],"author":[{"embeddable":true,"href":"https:\/\/zjarr.tv\/sq\/wp-json\/wp\/v2\/users\/2013"}],"replies":[{"embeddable":true,"href":"https:\/\/zjarr.tv\/sq\/wp-json\/wp\/v2\/comments?post=69881"}],"version-history":[{"count":0,"href":"https:\/\/zjarr.tv\/sq\/wp-json\/wp\/v2\/posts\/69881\/revisions"}],"wp:attachment":[{"href":"https:\/\/zjarr.tv\/sq\/wp-json\/wp\/v2\/media?parent=69881"}],"wp:term":[{"taxonomy":"category","embeddable":true,"href":"https:\/\/zjarr.tv\/sq\/wp-json\/wp\/v2\/categories?post=69881"},{"taxonomy":"post_tag","embeddable":true,"href":"https:\/\/zjarr.tv\/sq\/wp-json\/wp\/v2\/tags?post=69881"}],"curies":[{"name":"wp","href":"https:\/\/api.w.org\/{rel}","templated":true}]}}