{"id":69895,"date":"2019-02-21T15:24:26","date_gmt":"2019-02-21T14:24:26","guid":{"rendered":"https:\/\/zjarr.tv\/?p=69895"},"modified":"2019-02-21T15:24:26","modified_gmt":"2019-02-21T14:24:26","slug":"artur-zhejiedi-rama-ka-nje-keshilltar-te-huaj-qe-i-ka-treguar-strategjine-e-zbythjes","status":"publish","type":"post","link":"https:\/\/zjarr.tv\/sq\/artur-zhejiedi-rama-ka-nje-keshilltar-te-huaj-qe-i-ka-treguar-strategjine-e-zbythjes\/","title":{"rendered":"Artur Zheji:Edi Rama ka nj\u00eb k\u00ebshilltar t\u00eb huaj q\u00eb i ka treguar strategjin\u00eb e zbythjes"},"content":{"rendered":"<p class=\"description\">Analisti dhe moderatori i emisionit &#8220;360 grad\u00eb&#8221; zbuloi se kryeministri Edi Rama ka nj\u00eb k\u00ebshilltar t\u00eb huaj i cili i ka treguar strategjin\u00eb e zbythjes.<\/p>\n<div id=\"article-text\">\n<p>Artur Zheji:\u00a0&#8220;A do t\u00eb jet\u00eb Rama i but\u00eb dhe i qet\u00eb dhe dialog k\u00ebrkues me shpres\u00ebn q\u00eb t\u00eb ul\u00eb temperatur\u00ebn e t\u00eb fitoj\u00eb koh\u00eb?<\/p>\n<p>Nga ana tjet\u00ebr un\u00eb e di dhe kam informacion t\u00eb sigurt\u00eb se ka nj\u00eb k\u00ebshilltar t\u00eb huaj q\u00eb \u00ebsht\u00eb pran\u00eb kryeministrit prej shum\u00eb vitesh q\u00eb sh\u00ebtit n\u00eb Ballkan dhe paguhet shum\u00eb mir\u00eb p\u00ebr t\u00eb k\u00ebshilluar vendet q\u00eb i quan vende t\u00eb l\u00ebkundura. Shkon ku e paguajn\u00eb dhe strategjia e tij q\u00eb ka filluar q\u00eb tek student\u00ebt ka qen\u00eb zbythja. \u00a0Dmth n\u00eb momentin kur vjen protesta apo nj\u00eb val\u00eb godit\u00ebse ti b\u00ebj dy hapa prapa, absorboje, si puna e dallg\u00ebs q\u00eb ne k\u00ebrcejm\u00eb mbrapsht p\u00ebr t\u00eb mos na lagur.<\/p>\n<p>Pra l\u00ebre t\u00eb shterr\u00eb fuqin\u00eb dallga e protest\u00ebs, ti rri larg q\u00eb t\u00eb mos kesh kontakt, n\u00eb moment q\u00eb s&#8217;ke kontakt t\u00eb shohim n\u00ebse do vij\u00eb dallga tjet\u00ebr m\u00eb e madhe. Pra fito koh\u00eb dhe mos rrit tensionin. Strategjia deri dje ka qen\u00eb t\u00ebrheqja por nga ana tjet\u00ebr tentativa e pa rreshtur p\u00ebr tr\u00eb krijuar nj\u00eb dialog underground. T\u00eb shohim n\u00ebse do t\u00eb bashkohet kjo skem\u00eb e kryeministrit me skem\u00ebn e rekomandimeve nd\u00ebrkomb\u00ebtare q\u00eb thot\u00eb uluni dialogoni, at\u00ebher\u00ebn do t\u00eb krijohet nj\u00eb mas\u00eb e re kritike&#8221;.oranews<\/p>\n<\/div>\n","protected":false},"excerpt":{"rendered":"<p>Analisti dhe moderatori i emisionit &#8220;360 grad\u00eb&#8221; zbuloi se kryeministri Edi Rama ka nj\u00eb k\u00ebshilltar t\u00eb huaj i cili i ka treguar strategjin\u00eb e zbythjes. Artur Zheji:\u00a0&#8220;A do t\u00eb jet\u00eb Rama i but\u00eb dhe i qet\u00eb dhe dialog k\u00ebrkues me shpres\u00ebn q\u00eb t\u00eb ul\u00eb temperatur\u00ebn e t\u00eb fitoj\u00eb koh\u00eb? Nga ana tjet\u00ebr un\u00eb e di [&hellip;]<\/p>\n","protected":false},"author":4,"featured_media":69904,"comment_status":"open","ping_status":"closed","sticky":false,"template":"","format":"standard","meta":{"footnotes":""},"categories":[241,231,235],"tags":[],"class_list":{"0":"post-69895","1":"post","2":"type-post","3":"status-publish","4":"format-standard","5":"has-post-thumbnail","7":"category-aktualitet","8":"category-lajme","9":"category-vendi"},"_links":{"self":[{"href":"https:\/\/zjarr.tv\/sq\/wp-json\/wp\/v2\/posts\/69895","targetHints":{"allow":["GET"]}}],"collection":[{"href":"https:\/\/zjarr.tv\/sq\/wp-json\/wp\/v2\/posts"}],"about":[{"href":"https:\/\/zjarr.tv\/sq\/wp-json\/wp\/v2\/types\/post"}],"author":[{"embeddable":true,"href":"https:\/\/zjarr.tv\/sq\/wp-json\/wp\/v2\/users\/4"}],"replies":[{"embeddable":true,"href":"https:\/\/zjarr.tv\/sq\/wp-json\/wp\/v2\/comments?post=69895"}],"version-history":[{"count":0,"href":"https:\/\/zjarr.tv\/sq\/wp-json\/wp\/v2\/posts\/69895\/revisions"}],"wp:featuredmedia":[{"embeddable":true,"href":"https:\/\/zjarr.tv\/sq\/wp-json\/wp\/v2\/media\/69904"}],"wp:attachment":[{"href":"https:\/\/zjarr.tv\/sq\/wp-json\/wp\/v2\/media?parent=69895"}],"wp:term":[{"taxonomy":"category","embeddable":true,"href":"https:\/\/zjarr.tv\/sq\/wp-json\/wp\/v2\/categories?post=69895"},{"taxonomy":"post_tag","embeddable":true,"href":"https:\/\/zjarr.tv\/sq\/wp-json\/wp\/v2\/tags?post=69895"}],"curies":[{"name":"wp","href":"https:\/\/api.w.org\/{rel}","templated":true}]}}