{"id":71007,"date":"2019-02-26T11:27:37","date_gmt":"2019-02-26T10:27:37","guid":{"rendered":"https:\/\/zjarr.tv\/?p=71007"},"modified":"2019-02-26T11:27:37","modified_gmt":"2019-02-26T10:27:37","slug":"pd-dhembe-per-dhembe-sot-proteste-perpara-parlamentit","status":"publish","type":"post","link":"https:\/\/zjarr.tv\/sq\/pd-dhembe-per-dhembe-sot-proteste-perpara-parlamentit\/","title":{"rendered":"PD \u201cdh\u00ebmb\u00eb p\u00ebr dh\u00ebmb\u00eb\u201d, sot protest\u00eb p\u00ebrpara Parlamentit"},"content":{"rendered":"<p>Pas njoftimit t\u00eb b\u00ebr\u00eb p\u00ebr zhvillimin e seanc\u00ebs plenare sot n\u00eb or\u00ebn 17:00, PD ka mobilizuar strukturat p\u00ebr protest\u00eb. K\u00ebshtu, pritet q\u00eb n\u00eb or\u00ebn 16:30 t\u00eb zhvilloj\u00eb protest\u00eb para Kuvendit.<\/p>\n<p>Nga sa b\u00ebhet e ditur pjesa m\u00eb e madhe e protestuesve do t\u00eb jen\u00eb nga Tirana.<\/p>\n<p><img loading=\"lazy\" decoding=\"async\" src=\"http:\/\/ads.balkanweb.com\/www\/delivery\/lg.php?bannerid=0&amp;campaignid=0&amp;zoneid=530&amp;loc=http%3A%2F%2Fwww.gsh.al%2F2019%2F02%2F26%2Fpd-dhembe-per-dhembe-sot-proteste-perpara-parlamentit%2F&amp;referer=http%3A%2F%2Fwww.gsh.al%2F&amp;cb=35d2c48465\" alt=\"\" width=\"0\" height=\"0\" \/><\/p>\n<p>&nbsp;<\/p>\n<p><ins><\/p>\n<div id=\"beacon_8ca3f3a6c0\"><img loading=\"lazy\" decoding=\"async\" src=\"http:\/\/ads.balkanweb.com\/www\/delivery\/lg.php?bannerid=0&amp;campaignid=0&amp;zoneid=531&amp;loc=http%3A%2F%2Fwww.gsh.al%2F2019%2F02%2F26%2Fpd-dhembe-per-dhembe-sot-proteste-perpara-parlamentit%2F&amp;referer=http%3A%2F%2Fwww.gsh.al%2F&amp;cb=8ca3f3a6c0\" alt=\"\" width=\"0\" height=\"0\" \/><\/div>\n<p><\/ins><br \/>\n<ins><\/p>\n<div id=\"beacon_6760d3d233\"><img loading=\"lazy\" decoding=\"async\" src=\"http:\/\/ads.balkanweb.com\/www\/delivery\/lg.php?bannerid=0&amp;campaignid=0&amp;zoneid=367&amp;loc=http%3A%2F%2Fwww.gsh.al%2F2019%2F02%2F26%2Fpd-dhembe-per-dhembe-sot-proteste-perpara-parlamentit%2F&amp;referer=http%3A%2F%2Fwww.gsh.al%2F&amp;cb=6760d3d233\" alt=\"\" width=\"0\" height=\"0\" \/><\/div>\n<p><\/ins><\/p>\n<p>&nbsp;<\/p>\n<p>&nbsp;<\/p>\n","protected":false},"excerpt":{"rendered":"<p>Pas njoftimit t\u00eb b\u00ebr\u00eb p\u00ebr zhvillimin e seanc\u00ebs plenare sot n\u00eb or\u00ebn 17:00, PD ka mobilizuar strukturat p\u00ebr protest\u00eb. K\u00ebshtu, pritet q\u00eb n\u00eb or\u00ebn 16:30 t\u00eb zhvilloj\u00eb protest\u00eb para Kuvendit. Nga sa b\u00ebhet e ditur pjesa m\u00eb e madhe e protestuesve do t\u00eb jen\u00eb nga Tirana. &nbsp; &nbsp; &nbsp;<\/p>\n","protected":false},"author":4,"featured_media":0,"comment_status":"open","ping_status":"closed","sticky":false,"template":"","format":"standard","meta":{"footnotes":""},"categories":[241,231,235],"tags":[],"class_list":{"0":"post-71007","1":"post","2":"type-post","3":"status-publish","4":"format-standard","6":"category-aktualitet","7":"category-lajme","8":"category-vendi"},"_links":{"self":[{"href":"https:\/\/zjarr.tv\/sq\/wp-json\/wp\/v2\/posts\/71007","targetHints":{"allow":["GET"]}}],"collection":[{"href":"https:\/\/zjarr.tv\/sq\/wp-json\/wp\/v2\/posts"}],"about":[{"href":"https:\/\/zjarr.tv\/sq\/wp-json\/wp\/v2\/types\/post"}],"author":[{"embeddable":true,"href":"https:\/\/zjarr.tv\/sq\/wp-json\/wp\/v2\/users\/4"}],"replies":[{"embeddable":true,"href":"https:\/\/zjarr.tv\/sq\/wp-json\/wp\/v2\/comments?post=71007"}],"version-history":[{"count":0,"href":"https:\/\/zjarr.tv\/sq\/wp-json\/wp\/v2\/posts\/71007\/revisions"}],"wp:attachment":[{"href":"https:\/\/zjarr.tv\/sq\/wp-json\/wp\/v2\/media?parent=71007"}],"wp:term":[{"taxonomy":"category","embeddable":true,"href":"https:\/\/zjarr.tv\/sq\/wp-json\/wp\/v2\/categories?post=71007"},{"taxonomy":"post_tag","embeddable":true,"href":"https:\/\/zjarr.tv\/sq\/wp-json\/wp\/v2\/tags?post=71007"}],"curies":[{"name":"wp","href":"https:\/\/api.w.org\/{rel}","templated":true}]}}