{"id":71020,"date":"2019-02-26T11:53:40","date_gmt":"2019-02-26T10:53:40","guid":{"rendered":"https:\/\/zjarr.tv\/?p=71020"},"modified":"2019-02-26T11:53:40","modified_gmt":"2019-02-26T10:53:40","slug":"kardinali-shpallet-fajtor-per-abuzimin-seksual-te-dy-djemve","status":"publish","type":"post","link":"https:\/\/zjarr.tv\/sq\/kardinali-shpallet-fajtor-per-abuzimin-seksual-te-dy-djemve\/","title":{"rendered":"Kardinali shpallet fajtor p\u00ebr abuzimin seksual t\u00eb dy djemve"},"content":{"rendered":"<p>Kardinali George Pell \u00ebsht\u00eb shpallur fajtor p\u00ebr abuzim seksual n\u00eb Australi. Ai \u00ebsht\u00eb figura m\u00eb e lart\u00eb katolike q\u00eb d\u00ebnohet p\u00ebr nj\u00eb rast t\u00eb till\u00eb, mes skandalit q\u00eb ka p\u00ebrfshir\u00eb Kish\u00ebn Katolike. Pell abuzoi me dy djem t\u00eb korit n\u00eb dhomat e nj\u00eb katedraleje n\u00eb Melburn n\u00eb 1996. Vendimi u dha n\u00eb dhjetor por nuk u b\u00eb publik deri tani p\u00ebr arsye ligjore. Pell do t\u00eb dal\u00eb n\u00eb seancat e d\u00ebgjimit nga e m\u00ebrkura. Kardinali ka apeluar vendimin e gjyqtarit. Si ark\u00ebtar i Vatikanit, australiani 77-vje\u00e7ar ishte nj\u00eb nga zyrtar\u00ebt m\u00eb t\u00eb fuqish\u00ebm t\u00eb Kish\u00ebs. T\u00eb dy f\u00ebmij\u00ebt q\u00eb pretendohet se u abuzuan nga kardinali raportohen se jan\u00eb n\u00ebn mosh\u00ebn 16 vje\u00e7. Kishat katolike n\u00eb gjith\u00eb bot\u00ebn gjat\u00eb viteve t\u00eb fundit jan\u00eb p\u00ebrballur me nj\u00eb s\u00ebr\u00eb akuzash lidhur me abuzimin seksual nga prift\u00ebrinjt\u00eb dhe pretendohet se rastet jan\u00eb fshehur p\u00ebr t\u00eb mos u b\u00ebr\u00eb publike.<\/p>\n","protected":false},"excerpt":{"rendered":"<p>Kardinali George Pell \u00ebsht\u00eb shpallur fajtor p\u00ebr abuzim seksual n\u00eb Australi. Ai \u00ebsht\u00eb figura m\u00eb e lart\u00eb katolike q\u00eb d\u00ebnohet p\u00ebr nj\u00eb rast t\u00eb till\u00eb, mes skandalit q\u00eb ka p\u00ebrfshir\u00eb Kish\u00ebn Katolike. Pell abuzoi me dy djem t\u00eb korit n\u00eb dhomat e nj\u00eb katedraleje n\u00eb Melburn n\u00eb 1996. Vendimi u dha n\u00eb dhjetor por nuk [&hellip;]<\/p>\n","protected":false},"author":2013,"featured_media":0,"comment_status":"open","ping_status":"closed","sticky":false,"template":"","format":"standard","meta":{"footnotes":""},"categories":[241,191],"tags":[],"class_list":{"0":"post-71020","1":"post","2":"type-post","3":"status-publish","4":"format-standard","6":"category-aktualitet","7":"category-bota"},"_links":{"self":[{"href":"https:\/\/zjarr.tv\/sq\/wp-json\/wp\/v2\/posts\/71020","targetHints":{"allow":["GET"]}}],"collection":[{"href":"https:\/\/zjarr.tv\/sq\/wp-json\/wp\/v2\/posts"}],"about":[{"href":"https:\/\/zjarr.tv\/sq\/wp-json\/wp\/v2\/types\/post"}],"author":[{"embeddable":true,"href":"https:\/\/zjarr.tv\/sq\/wp-json\/wp\/v2\/users\/2013"}],"replies":[{"embeddable":true,"href":"https:\/\/zjarr.tv\/sq\/wp-json\/wp\/v2\/comments?post=71020"}],"version-history":[{"count":0,"href":"https:\/\/zjarr.tv\/sq\/wp-json\/wp\/v2\/posts\/71020\/revisions"}],"wp:attachment":[{"href":"https:\/\/zjarr.tv\/sq\/wp-json\/wp\/v2\/media?parent=71020"}],"wp:term":[{"taxonomy":"category","embeddable":true,"href":"https:\/\/zjarr.tv\/sq\/wp-json\/wp\/v2\/categories?post=71020"},{"taxonomy":"post_tag","embeddable":true,"href":"https:\/\/zjarr.tv\/sq\/wp-json\/wp\/v2\/tags?post=71020"}],"curies":[{"name":"wp","href":"https:\/\/api.w.org\/{rel}","templated":true}]}}