{"id":71029,"date":"2019-02-26T11:55:09","date_gmt":"2019-02-26T10:55:09","guid":{"rendered":"https:\/\/zjarr.tv\/?p=71029"},"modified":"2019-02-26T11:55:09","modified_gmt":"2019-02-26T10:55:09","slug":"kim-jong-un-mberrin-ne-vietnam","status":"publish","type":"post","link":"https:\/\/zjarr.tv\/sq\/kim-jong-un-mberrin-ne-vietnam\/","title":{"rendered":"Kim Jong-un mb\u00ebrrin n\u00eb Vietnam"},"content":{"rendered":"<p>Lideri i Kores\u00eb s\u00eb Veriut Kim Jong-un ka mb\u00ebrritur n\u00eb Vietnam, n\u00eb pritje t\u00eb nj\u00eb samiti me Presidentin e SHBA, Donald Trump. Ky \u00ebsht\u00eb takimi i dyt\u00eb i dy lider\u00ebve q\u00eb pason raundin e par\u00eb t\u00eb Samitit q\u00eb u zhvillua n\u00eb Singapor vitin e kaluar. Kim u prit me nj\u00eb ceremoni zyrtare n\u00eb stacionin kufitar Dong Dang, nd\u00ebrsa i ishte shtruar edhe nj\u00eb tapet i kuq. M\u00eb pas lideri komunist i Kores\u00eb s\u00eb Veriut n\u00ebn masa t\u00eb rrepta sigurie u nis drejt kryeqytetin Hanoi. N\u00eb k\u00ebt\u00eb takim, Kim shoq\u00ebrohet nga motra e tij Kim Yo-jong dhe nj\u00eb nga negociator\u00ebt kryesor\u00eb t\u00eb tij, ish-gjenerali Kim Yong-chol, t\u00eb dy fytyra t\u00eb njohura nga samiti i fundit me Trump. Kim Jong un udh\u00ebtoi me tren nga Pheniani deri n\u00eb Vietnam dhe ky udh\u00ebtim ka zgjatur dy dit\u00eb, duke b\u00ebr\u00eb rreth 4000 kilometra. N\u00ebse Kim do t\u00eb zgjidhte t\u00eb udh\u00ebtonte me avion, ai do t\u00eb kishte mb\u00ebrritur p\u00ebr disa or\u00eb. Nd\u00ebrsa treni i Kim kalonte n\u00ebp\u00ebr Kin\u00eb, rrug\u00ebt dhe stacionet e trenit mbylleshin.<\/p>\n<p>&nbsp;<\/p>\n","protected":false},"excerpt":{"rendered":"<p>Lideri i Kores\u00eb s\u00eb Veriut Kim Jong-un ka mb\u00ebrritur n\u00eb Vietnam, n\u00eb pritje t\u00eb nj\u00eb samiti me Presidentin e SHBA, Donald Trump. Ky \u00ebsht\u00eb takimi i dyt\u00eb i dy lider\u00ebve q\u00eb pason raundin e par\u00eb t\u00eb Samitit q\u00eb u zhvillua n\u00eb Singapor vitin e kaluar. Kim u prit me nj\u00eb ceremoni zyrtare n\u00eb stacionin kufitar [&hellip;]<\/p>\n","protected":false},"author":2013,"featured_media":0,"comment_status":"open","ping_status":"closed","sticky":false,"template":"","format":"standard","meta":{"footnotes":""},"categories":[241,191],"tags":[],"class_list":{"0":"post-71029","1":"post","2":"type-post","3":"status-publish","4":"format-standard","6":"category-aktualitet","7":"category-bota"},"_links":{"self":[{"href":"https:\/\/zjarr.tv\/sq\/wp-json\/wp\/v2\/posts\/71029","targetHints":{"allow":["GET"]}}],"collection":[{"href":"https:\/\/zjarr.tv\/sq\/wp-json\/wp\/v2\/posts"}],"about":[{"href":"https:\/\/zjarr.tv\/sq\/wp-json\/wp\/v2\/types\/post"}],"author":[{"embeddable":true,"href":"https:\/\/zjarr.tv\/sq\/wp-json\/wp\/v2\/users\/2013"}],"replies":[{"embeddable":true,"href":"https:\/\/zjarr.tv\/sq\/wp-json\/wp\/v2\/comments?post=71029"}],"version-history":[{"count":0,"href":"https:\/\/zjarr.tv\/sq\/wp-json\/wp\/v2\/posts\/71029\/revisions"}],"wp:attachment":[{"href":"https:\/\/zjarr.tv\/sq\/wp-json\/wp\/v2\/media?parent=71029"}],"wp:term":[{"taxonomy":"category","embeddable":true,"href":"https:\/\/zjarr.tv\/sq\/wp-json\/wp\/v2\/categories?post=71029"},{"taxonomy":"post_tag","embeddable":true,"href":"https:\/\/zjarr.tv\/sq\/wp-json\/wp\/v2\/tags?post=71029"}],"curies":[{"name":"wp","href":"https:\/\/api.w.org\/{rel}","templated":true}]}}