{"id":71080,"date":"2019-02-26T12:24:17","date_gmt":"2019-02-26T11:24:17","guid":{"rendered":"https:\/\/zjarr.tv\/?p=71080"},"modified":"2019-02-26T12:24:17","modified_gmt":"2019-02-26T11:24:17","slug":"sot-seanca-balla-kemi-dy-ligje-shume-te-rendesishme","status":"publish","type":"post","link":"https:\/\/zjarr.tv\/sq\/sot-seanca-balla-kemi-dy-ligje-shume-te-rendesishme\/","title":{"rendered":"Sot seanca\/ Balla: Kemi dy ligje shum\u00eb t\u00eb r\u00ebnd\u00ebsishme"},"content":{"rendered":"<p>Kreu i grupit parlamentar t\u00eb PS-s\u00eb, deputeti Taulant Balla ka sqaruar sot vendimin m\u00eb t\u00eb fundit p\u00ebr mbledhjen e sotme t\u00eb seanc\u00ebn plenare dhe pse nuk do t\u00eb zhvillohet seanca e parashikuar p\u00ebr n\u00eb dat\u00ebn 14 mars.<\/p>\n<p>N\u00eb nj\u00eb deklarat\u00eb p\u00ebr mediat, Balla nuk b\u00ebri asnj\u00eb koment mbi reagimin e opozit\u00ebs q\u00eb e quajti qesharak vendimin p\u00ebr mbajtjen sot t\u00eb seanc\u00ebs plenare, por theksoi se n\u00eb k\u00ebt\u00eb seanc\u00eb do t\u00eb miratohen vendime shum\u00eb t\u00eb r\u00ebnd\u00ebsishme p\u00ebr shqiptar\u00ebt, q\u00eb mbeten prioriteti i shumic\u00ebs.<\/p>\n<p>Shikoni vendimin e sot\u00ebm t\u00eb konferenc\u00ebs s\u00eb kryetar\u00ebve dhe do ta merrni p\u00ebrgjigjen, n\u00eb dat\u00ebn 14 mars nuk zhvillohet seanc\u00eb se \u00ebsht\u00eb dit\u00eb g\u00ebzimi dhe feste i shqiptar\u00ebve dhe p\u00ebr mua si deputet i Elbasanit, dhe i ftoj t\u00eb gjith\u00eb t\u00eb vijn\u00eb n\u00eb Elbasan p\u00ebr dit\u00ebn e ver\u00ebs, ajo q\u00eb u them \u00ebsht\u00eb q\u00eb u miratua kalendari dhe programi dhe ne do t\u00eb vijojm\u00eb t\u00eb miratojm\u00eb ligje shum\u00eb t\u00eb r\u00ebnd\u00ebsishme t\u00eb Paket\u00ebs n\u00eb Drejt\u00ebsi, sot kemi edhe dy ligje shum\u00eb t\u00eb r\u00ebnd\u00ebsishme q\u00eb kan\u00eb t\u00eb b\u00ebjn\u00eb me hallin e mij\u00ebrave n\u00eb zonat rurale q\u00eb nuk kan\u00eb marr\u00eb dot tapin\u00eb, me dy ligjet q\u00eb miratojm\u00eb sot i japim zgjidhje k\u00ebtij halli.<\/p>\n<p><strong>Opozita e ka quajtur qesharak vendimin p\u00ebr thirrjen e seanc\u00ebs sot dhe kan\u00eb njoftuar p\u00ebr protest\u00eb\u2026<\/strong><\/p>\n<p>Nuk kam asnj\u00eb koment, t\u00eb vetmin koment q\u00eb kam \u00ebsht\u00eb q\u00eb ne po vijojm\u00eb me intensitet angazhimin ton\u00eb p\u00ebr ta cuar deri n\u00eb fund mandatin q\u00eb na kan\u00eb dh\u00ebn\u00eb shqiptar\u00ebt. Sot miratojm\u00eb struktur\u00ebn e dy institucioneve baz\u00eb t\u00eb struktur\u00ebs s\u00eb drejt\u00ebsis\u00eb s\u00eb re, KLP dhe KLGJ.<\/p>\n","protected":false},"excerpt":{"rendered":"<p>Kreu i grupit parlamentar t\u00eb PS-s\u00eb, deputeti Taulant Balla ka sqaruar sot vendimin m\u00eb t\u00eb fundit p\u00ebr mbledhjen e sotme t\u00eb seanc\u00ebn plenare dhe pse nuk do t\u00eb zhvillohet seanca e parashikuar p\u00ebr n\u00eb dat\u00ebn 14 mars. N\u00eb nj\u00eb deklarat\u00eb p\u00ebr mediat, Balla nuk b\u00ebri asnj\u00eb koment mbi reagimin e opozit\u00ebs q\u00eb e quajti qesharak [&hellip;]<\/p>\n","protected":false},"author":4,"featured_media":54070,"comment_status":"open","ping_status":"closed","sticky":false,"template":"","format":"standard","meta":{"footnotes":""},"categories":[241,231,235],"tags":[],"class_list":{"0":"post-71080","1":"post","2":"type-post","3":"status-publish","4":"format-standard","5":"has-post-thumbnail","7":"category-aktualitet","8":"category-lajme","9":"category-vendi"},"_links":{"self":[{"href":"https:\/\/zjarr.tv\/sq\/wp-json\/wp\/v2\/posts\/71080","targetHints":{"allow":["GET"]}}],"collection":[{"href":"https:\/\/zjarr.tv\/sq\/wp-json\/wp\/v2\/posts"}],"about":[{"href":"https:\/\/zjarr.tv\/sq\/wp-json\/wp\/v2\/types\/post"}],"author":[{"embeddable":true,"href":"https:\/\/zjarr.tv\/sq\/wp-json\/wp\/v2\/users\/4"}],"replies":[{"embeddable":true,"href":"https:\/\/zjarr.tv\/sq\/wp-json\/wp\/v2\/comments?post=71080"}],"version-history":[{"count":0,"href":"https:\/\/zjarr.tv\/sq\/wp-json\/wp\/v2\/posts\/71080\/revisions"}],"wp:featuredmedia":[{"embeddable":true,"href":"https:\/\/zjarr.tv\/sq\/wp-json\/wp\/v2\/media\/54070"}],"wp:attachment":[{"href":"https:\/\/zjarr.tv\/sq\/wp-json\/wp\/v2\/media?parent=71080"}],"wp:term":[{"taxonomy":"category","embeddable":true,"href":"https:\/\/zjarr.tv\/sq\/wp-json\/wp\/v2\/categories?post=71080"},{"taxonomy":"post_tag","embeddable":true,"href":"https:\/\/zjarr.tv\/sq\/wp-json\/wp\/v2\/tags?post=71080"}],"curies":[{"name":"wp","href":"https:\/\/api.w.org\/{rel}","templated":true}]}}