{"id":71085,"date":"2019-02-26T12:30:58","date_gmt":"2019-02-26T11:30:58","guid":{"rendered":"https:\/\/zjarr.tv\/?p=71085"},"modified":"2019-02-26T12:30:58","modified_gmt":"2019-02-26T11:30:58","slug":"robben-rrezikonte-karrieren-nga-dhembet","status":"publish","type":"post","link":"https:\/\/zjarr.tv\/sq\/robben-rrezikonte-karrieren-nga-dhembet\/","title":{"rendered":"Robben rrezikonte karrier\u00ebn nga dh\u00ebmb\u00ebt"},"content":{"rendered":"<p>Arjen Robben ishte n\u00eb nj\u00eb situat\u00eb aspak t\u00eb k\u00ebndshme, karriera e tij ishte n\u00eb dyshim pasi mjek\u00ebt nuk po e kupton se \u00e7far\u00eb problemi kishin muskujt e holandezit. M\u00ebngjarashi ishte n\u00eb nj\u00eb situat\u00eb d\u00ebshp\u00ebruese teksa po mendonte ti jepte dhe fund karrier\u00ebs por n\u00eb momentin m\u00eb t\u00eb v\u00ebshtir\u00eb mjek\u00ebt i dhan\u00eb nj\u00eb zgjidhje. Sipas SportBild, doktor\u00ebt e Bayern kan\u00eb zbuluar se shqet\u00ebsimet muskulor vinin nga dy dh\u00ebmb\u00eb t\u00eb infektuar, t\u00eb cil\u00ebt kishin prishur stabilitetin e trupit. T\u00eb dy jan\u00eb hequr dhe pritet q\u00eb Robben t\u00eb kthehet n\u00eb st\u00ebrvitje me koh\u00eb t\u00eb plot\u00eb dhe t\u00eb jet\u00eb i gatsh\u00ebm p\u00ebr trajnerin Niko Kovac.<\/p>\n","protected":false},"excerpt":{"rendered":"<p>Arjen Robben ishte n\u00eb nj\u00eb situat\u00eb aspak t\u00eb k\u00ebndshme, karriera e tij ishte n\u00eb dyshim pasi mjek\u00ebt nuk po e kupton se \u00e7far\u00eb problemi kishin muskujt e holandezit. M\u00ebngjarashi ishte n\u00eb nj\u00eb situat\u00eb d\u00ebshp\u00ebruese teksa po mendonte ti jepte dhe fund karrier\u00ebs por n\u00eb momentin m\u00eb t\u00eb v\u00ebshtir\u00eb mjek\u00ebt i dhan\u00eb nj\u00eb zgjidhje. Sipas SportBild, [&hellip;]<\/p>\n","protected":false},"author":2013,"featured_media":0,"comment_status":"open","ping_status":"closed","sticky":false,"template":"","format":"standard","meta":{"footnotes":""},"categories":[241,192],"tags":[],"class_list":{"0":"post-71085","1":"post","2":"type-post","3":"status-publish","4":"format-standard","6":"category-aktualitet","7":"category-sport"},"_links":{"self":[{"href":"https:\/\/zjarr.tv\/sq\/wp-json\/wp\/v2\/posts\/71085","targetHints":{"allow":["GET"]}}],"collection":[{"href":"https:\/\/zjarr.tv\/sq\/wp-json\/wp\/v2\/posts"}],"about":[{"href":"https:\/\/zjarr.tv\/sq\/wp-json\/wp\/v2\/types\/post"}],"author":[{"embeddable":true,"href":"https:\/\/zjarr.tv\/sq\/wp-json\/wp\/v2\/users\/2013"}],"replies":[{"embeddable":true,"href":"https:\/\/zjarr.tv\/sq\/wp-json\/wp\/v2\/comments?post=71085"}],"version-history":[{"count":0,"href":"https:\/\/zjarr.tv\/sq\/wp-json\/wp\/v2\/posts\/71085\/revisions"}],"wp:attachment":[{"href":"https:\/\/zjarr.tv\/sq\/wp-json\/wp\/v2\/media?parent=71085"}],"wp:term":[{"taxonomy":"category","embeddable":true,"href":"https:\/\/zjarr.tv\/sq\/wp-json\/wp\/v2\/categories?post=71085"},{"taxonomy":"post_tag","embeddable":true,"href":"https:\/\/zjarr.tv\/sq\/wp-json\/wp\/v2\/tags?post=71085"}],"curies":[{"name":"wp","href":"https:\/\/api.w.org\/{rel}","templated":true}]}}