{"id":71113,"date":"2019-02-26T14:05:38","date_gmt":"2019-02-26T13:05:38","guid":{"rendered":"https:\/\/zjarr.tv\/?p=71113"},"modified":"2019-02-26T14:05:38","modified_gmt":"2019-02-26T13:05:38","slug":"seanca-e-pasdites-paloka-do-na-kene-pas-kudo-proteste-bashke-me-qytetaret","status":"publish","type":"post","link":"https:\/\/zjarr.tv\/sq\/seanca-e-pasdites-paloka-do-na-kene-pas-kudo-proteste-bashke-me-qytetaret\/","title":{"rendered":"Seanca e pasdites, Paloka: Do na ken\u00eb pas kudo! Protest\u00eb, bashk\u00eb me qytetar\u00ebt"},"content":{"rendered":"<p>N\u00ebnkryetari i grupit parlamentar t\u00eb Partis\u00eb Demokratike, Edi Paloka, e cil\u00ebson ilegal njoftimin p\u00ebr thirrjen e seanc\u00ebs parlamentare t\u00eb dit\u00ebs s\u00eb sotme n\u00eb or\u00ebn 17.00.<\/p>\n<p>Duke folur nga selia blu, ai e cil\u00ebsoi si mbledhjen e nj\u00eb parlamenti ilegjitim q\u00eb mblidhet n\u00eb ilegalitet dhe se Parlamenti jo vet\u00ebm shqiptar\u00ebt q\u00eb nuk i p\u00ebrfaq\u00ebson, por as ata q\u00eb dikur e votuan Partin\u00eb Socialiste.<\/p>\n<p>\u201cSot Parlamenti \u00ebsht\u00eb ilegjitim, pasi e rrethuan me tela me gjemba dhe salduan hyrjen, sot kan\u00eb kaluar n\u00eb ilegjitimiet t\u00eb plot\u00eb, nd\u00ebrkoh\u00eb q\u00eb ai tjetri b\u00ebn antimitingun e radh\u00ebs n\u00eb Lushnje. Se vet\u00eb ik\u00ebn, d\u00ebrgon Taon dhe Spiropalin n\u00eb Parlament. Por me k\u00ebt\u00eb taktik\u00eb dhe strategji nuk do t\u00eb shkoj askund\u201d, u shpreh Paloka.<\/p>\n<p>Deputeti i dor\u00ebhequr i PD, tha se iu \u00ebsht\u00eb b\u00ebr\u00eb thirrje gjith\u00eb qytetar\u00ebve q\u00eb sot t\u00eb jen\u00eb para Parlamentit dhe ku dhe tha se do t\u00eb zhvillohet protesta.<\/p>\n<p>\u201cSa her\u00eb t\u00eb mblidhen kudo t\u00eb mblidhen, sa do q\u00eb mundohen t\u00eb fshihen ne do na ken\u00eb pas\u201d, deklaroi Paloka.<\/p>\n<p>Lidhur me deklaratat e Taulant Ball\u00ebs se opozita i druhet drejt\u00ebsis\u00eb dhe Byros\u00eb Komb\u00ebtare t\u00eb Hetimit dhe prokuroris\u00eb s\u00eb posa\u00e7me SPAK, ai ironizoi duke th\u00ebn\u00eb \u201cNe q\u00eb dor\u00ebzojm\u00eb imunitetin paskemi frik\u00eb nga drejt\u00ebsia, k\u00ebta q\u00eb rrisin imunitetin e tyre k\u00ebta qenkan ata q\u00eb s\u2019kan\u00eb frik\u00eb. E kuptoni dhe vet\u00eb se deri ku kan\u00eb arritur, banaliteti ka shkuar ku nuk mban m\u00eb\u201d<\/p>\n","protected":false},"excerpt":{"rendered":"<p>N\u00ebnkryetari i grupit parlamentar t\u00eb Partis\u00eb Demokratike, Edi Paloka, e cil\u00ebson ilegal njoftimin p\u00ebr thirrjen e seanc\u00ebs parlamentare t\u00eb dit\u00ebs s\u00eb sotme n\u00eb or\u00ebn 17.00. Duke folur nga selia blu, ai e cil\u00ebsoi si mbledhjen e nj\u00eb parlamenti ilegjitim q\u00eb mblidhet n\u00eb ilegalitet dhe se Parlamenti jo vet\u00ebm shqiptar\u00ebt q\u00eb nuk i p\u00ebrfaq\u00ebson, por as [&hellip;]<\/p>\n","protected":false},"author":4,"featured_media":0,"comment_status":"open","ping_status":"closed","sticky":false,"template":"","format":"standard","meta":{"footnotes":""},"categories":[241,231,235],"tags":[],"class_list":{"0":"post-71113","1":"post","2":"type-post","3":"status-publish","4":"format-standard","6":"category-aktualitet","7":"category-lajme","8":"category-vendi"},"_links":{"self":[{"href":"https:\/\/zjarr.tv\/sq\/wp-json\/wp\/v2\/posts\/71113","targetHints":{"allow":["GET"]}}],"collection":[{"href":"https:\/\/zjarr.tv\/sq\/wp-json\/wp\/v2\/posts"}],"about":[{"href":"https:\/\/zjarr.tv\/sq\/wp-json\/wp\/v2\/types\/post"}],"author":[{"embeddable":true,"href":"https:\/\/zjarr.tv\/sq\/wp-json\/wp\/v2\/users\/4"}],"replies":[{"embeddable":true,"href":"https:\/\/zjarr.tv\/sq\/wp-json\/wp\/v2\/comments?post=71113"}],"version-history":[{"count":0,"href":"https:\/\/zjarr.tv\/sq\/wp-json\/wp\/v2\/posts\/71113\/revisions"}],"wp:attachment":[{"href":"https:\/\/zjarr.tv\/sq\/wp-json\/wp\/v2\/media?parent=71113"}],"wp:term":[{"taxonomy":"category","embeddable":true,"href":"https:\/\/zjarr.tv\/sq\/wp-json\/wp\/v2\/categories?post=71113"},{"taxonomy":"post_tag","embeddable":true,"href":"https:\/\/zjarr.tv\/sq\/wp-json\/wp\/v2\/tags?post=71113"}],"curies":[{"name":"wp","href":"https:\/\/api.w.org\/{rel}","templated":true}]}}