{"id":71119,"date":"2019-02-26T13:57:48","date_gmt":"2019-02-26T12:57:48","guid":{"rendered":"https:\/\/zjarr.tv\/?p=71119"},"modified":"2019-02-26T13:57:48","modified_gmt":"2019-02-26T12:57:48","slug":"lleshaj-ska-deklarata-politike-masat-e-policise-per-mbarevajtjen-e-protestes","status":"publish","type":"post","link":"https:\/\/zjarr.tv\/sq\/lleshaj-ska-deklarata-politike-masat-e-policise-per-mbarevajtjen-e-protestes\/","title":{"rendered":"Lleshaj: S&#8217;ka deklarata politike, masat e policis\u00eb p\u00ebr mbar\u00ebvajtjen e protest\u00ebs"},"content":{"rendered":"<p style=\"background: white;margin: 0in 0in 7.5pt 0in\"><span style=\"color: #333333\">Ministri i Brendsh\u00ebm, Sand\u00ebr Lleshaj ka folur p\u00ebr masat e marra nga policia p\u00ebr protest\u00ebn e opozit\u00ebs. Ministri iu p\u00ebrgjigj interesit t\u00eb gazetar\u00ebve p\u00ebr disa \u00e7\u00ebshtje q\u00eb lidhen me masat e marra nga policia.<\/span><\/p>\n<p style=\"background: white;text-align: start;margin: 0in 0in 7.5pt 0in\"><em><span style=\"color: #333333\">Opozita ju akuzon se t\u00eb gjitha deklaratat tuaja para protest\u00ebs jan\u00eb politike?<\/span><\/em><\/p>\n<p style=\"background: white;text-align: start;margin: 0in 0in 7.5pt 0in\"><strong><span style=\"color: #333333\">Lleshaj:<\/span><\/strong><span style=\"color: #333333\">\u00a0Nuk ka asnj\u00eb deklarat\u00eb politike, t\u00eb gjitha deklaratat e dh\u00ebna para protest\u00ebs, gjat\u00eb ose pas saj jan\u00eb deklarata q\u00eb i sh\u00ebrbejn\u00eb siguris\u00eb dhe mbar\u00ebvajtjes s\u00eb protest\u00ebs.<\/span><\/p>\n<p style=\"background: white;text-align: start;margin: 0in 0in 7.5pt 0in\"><em><span style=\"color: #333333\">Deklarata e policis\u00eb thot\u00eb se element\u00eb t\u00eb tret\u00eb do t\u00eb marrin pjes\u00eb n\u00eb protest\u00eb. Kush jan\u00eb k\u00ebta element\u00eb t\u00eb tret\u00eb?<\/span><\/em><\/p>\n<p style=\"background: white;text-align: start;margin: 0in 0in 7.5pt 0in\"><strong><span style=\"color: #333333\">Lleshaj:<\/span><\/strong><span style=\"color: #333333\">\u00a0Element\u00eb t\u00eb drejt\u00eb jan\u00eb element\u00eb t\u00eb tret\u00eb \u00a0<\/span><\/p>\n<p style=\"background: white;text-align: start;margin: 0in 0in 7.5pt 0in\"><em><span style=\"color: #333333\">Shum\u00eb drejtues policia jan\u00eb n\u00eb k\u00ebrkim prej koh\u00ebsh, pse nuk arrestohen?<\/span><\/em><\/p>\n<p style=\"background: white;text-align: start;margin: 0in 0in 7.5pt 0in\"><strong><span style=\"color: #333333\">Lleshaj:<\/span><\/strong><span style=\"color: #333333\">\u00a0Nuk ka shum\u00eb drejtues n\u00eb k\u00ebrkim prej koh\u00ebsh, ka disa oficer\u00eb policie q\u00eb jan\u00eb n\u00eb k\u00ebrkim.<\/span><\/p>\n<p style=\"background: white;text-align: start;margin: 0in 0in 7.5pt 0in\"><em><span style=\"color: #333333\">Do t\u00eb kemi masa drastike sic ishte mbyllja e val\u00ebve telefonike?<\/span><\/em><\/p>\n<p style=\"background: white;text-align: start;margin: 0in 0in 7.5pt 0in\"><strong><span style=\"color: #333333\">Lleshaj:<\/span><\/strong><span style=\"color: #333333\">\u00a0Nuk di t\u00eb ket\u00eb masa drastike t\u00eb tilla dhe nuk \u00ebsht\u00eb mas\u00eb drastike mbyllja e val\u00ebve telefonike p\u00ebr kur b\u00ebhet n\u00eb sh\u00ebrbim t\u00eb mbar\u00ebvajtjes s\u00eb siguris\u00eb.<\/span><\/p>\n","protected":false},"excerpt":{"rendered":"<p>Ministri i Brendsh\u00ebm, Sand\u00ebr Lleshaj ka folur p\u00ebr masat e marra nga policia p\u00ebr protest\u00ebn e opozit\u00ebs. Ministri iu p\u00ebrgjigj interesit t\u00eb gazetar\u00ebve p\u00ebr disa \u00e7\u00ebshtje q\u00eb lidhen me masat e marra nga policia. Opozita ju akuzon se t\u00eb gjitha deklaratat tuaja para protest\u00ebs jan\u00eb politike? Lleshaj:\u00a0Nuk ka asnj\u00eb deklarat\u00eb politike, t\u00eb gjitha deklaratat e [&hellip;]<\/p>\n","protected":false},"author":2020,"featured_media":0,"comment_status":"open","ping_status":"closed","sticky":false,"template":"","format":"standard","meta":{"footnotes":""},"categories":[241,231,235],"tags":[],"class_list":{"0":"post-71119","1":"post","2":"type-post","3":"status-publish","4":"format-standard","6":"category-aktualitet","7":"category-lajme","8":"category-vendi"},"_links":{"self":[{"href":"https:\/\/zjarr.tv\/sq\/wp-json\/wp\/v2\/posts\/71119","targetHints":{"allow":["GET"]}}],"collection":[{"href":"https:\/\/zjarr.tv\/sq\/wp-json\/wp\/v2\/posts"}],"about":[{"href":"https:\/\/zjarr.tv\/sq\/wp-json\/wp\/v2\/types\/post"}],"author":[{"embeddable":true,"href":"https:\/\/zjarr.tv\/sq\/wp-json\/wp\/v2\/users\/2020"}],"replies":[{"embeddable":true,"href":"https:\/\/zjarr.tv\/sq\/wp-json\/wp\/v2\/comments?post=71119"}],"version-history":[{"count":0,"href":"https:\/\/zjarr.tv\/sq\/wp-json\/wp\/v2\/posts\/71119\/revisions"}],"wp:attachment":[{"href":"https:\/\/zjarr.tv\/sq\/wp-json\/wp\/v2\/media?parent=71119"}],"wp:term":[{"taxonomy":"category","embeddable":true,"href":"https:\/\/zjarr.tv\/sq\/wp-json\/wp\/v2\/categories?post=71119"},{"taxonomy":"post_tag","embeddable":true,"href":"https:\/\/zjarr.tv\/sq\/wp-json\/wp\/v2\/tags?post=71119"}],"curies":[{"name":"wp","href":"https:\/\/api.w.org\/{rel}","templated":true}]}}