{"id":71123,"date":"2019-02-26T14:02:32","date_gmt":"2019-02-26T13:02:32","guid":{"rendered":"https:\/\/zjarr.tv\/?p=71123"},"modified":"2019-02-26T14:02:32","modified_gmt":"2019-02-26T13:02:32","slug":"noka-frika-ne-palce-nga-perballja-me-popullin-ne-revolte","status":"publish","type":"post","link":"https:\/\/zjarr.tv\/sq\/noka-frika-ne-palce-nga-perballja-me-popullin-ne-revolte\/","title":{"rendered":"Noka: Frika n\u00eb palc\u00eb nga p\u00ebrballja me popullin n\u00eb revolt\u00eb!"},"content":{"rendered":"<p style=\"line-height: 16.5pt;background: white;vertical-align: baseline;margin: 0in 0in 12.0pt 0in\"><span style=\"color: black\">Flamur Noka, ish-deputeti i PD-s\u00eb, \u00ebsht\u00eb tallur me\u00a0deputet\u00ebt\u00a0socialist\u00eb, koleg\u00ebt e dikursh\u00ebm t\u00eb Kuvendit, pasi ka m\u00ebsuar p\u00ebr seanc\u00ebn parlamentare q\u00eb ka vendosur t\u00eb th\u00ebrras\u00eb fshehtas, Kryeministri.\u00a0<\/span><\/p>\n<p style=\"line-height: 16.5pt;background: white;vertical-align: baseline;text-align: start;margin: 0in 0in 12.0pt 0in\"><span style=\"color: black\">\u201cBanda vendosi ta b\u00ebj\u00eb sot seanc\u00ebn, &#8211; shkruan Noka n\u00eb Fb. &#8211;\u00a0\u00a0Frika n\u00eb palc\u00eb nga p\u00ebrballja me popullin n\u00eb revolt\u00eb!\u00a0Ata, k\u00ebshtu si e kan\u00eb nisur, vet\u00ebm pritet t\u00eb kalojn\u00eb n\u00eb ilegalitet si partia m\u00ebm\u00eb dikur.<\/span><\/p>\n","protected":false},"excerpt":{"rendered":"<p>Flamur Noka, ish-deputeti i PD-s\u00eb, \u00ebsht\u00eb tallur me\u00a0deputet\u00ebt\u00a0socialist\u00eb, koleg\u00ebt e dikursh\u00ebm t\u00eb Kuvendit, pasi ka m\u00ebsuar p\u00ebr seanc\u00ebn parlamentare q\u00eb ka vendosur t\u00eb th\u00ebrras\u00eb fshehtas, Kryeministri.\u00a0 \u201cBanda vendosi ta b\u00ebj\u00eb sot seanc\u00ebn, &#8211; shkruan Noka n\u00eb Fb. &#8211;\u00a0\u00a0Frika n\u00eb palc\u00eb nga p\u00ebrballja me popullin n\u00eb revolt\u00eb!\u00a0Ata, k\u00ebshtu si e kan\u00eb nisur, vet\u00ebm pritet t\u00eb kalojn\u00eb [&hellip;]<\/p>\n","protected":false},"author":2020,"featured_media":0,"comment_status":"open","ping_status":"closed","sticky":false,"template":"","format":"standard","meta":{"footnotes":""},"categories":[241,231,235],"tags":[],"class_list":{"0":"post-71123","1":"post","2":"type-post","3":"status-publish","4":"format-standard","6":"category-aktualitet","7":"category-lajme","8":"category-vendi"},"_links":{"self":[{"href":"https:\/\/zjarr.tv\/sq\/wp-json\/wp\/v2\/posts\/71123","targetHints":{"allow":["GET"]}}],"collection":[{"href":"https:\/\/zjarr.tv\/sq\/wp-json\/wp\/v2\/posts"}],"about":[{"href":"https:\/\/zjarr.tv\/sq\/wp-json\/wp\/v2\/types\/post"}],"author":[{"embeddable":true,"href":"https:\/\/zjarr.tv\/sq\/wp-json\/wp\/v2\/users\/2020"}],"replies":[{"embeddable":true,"href":"https:\/\/zjarr.tv\/sq\/wp-json\/wp\/v2\/comments?post=71123"}],"version-history":[{"count":0,"href":"https:\/\/zjarr.tv\/sq\/wp-json\/wp\/v2\/posts\/71123\/revisions"}],"wp:attachment":[{"href":"https:\/\/zjarr.tv\/sq\/wp-json\/wp\/v2\/media?parent=71123"}],"wp:term":[{"taxonomy":"category","embeddable":true,"href":"https:\/\/zjarr.tv\/sq\/wp-json\/wp\/v2\/categories?post=71123"},{"taxonomy":"post_tag","embeddable":true,"href":"https:\/\/zjarr.tv\/sq\/wp-json\/wp\/v2\/tags?post=71123"}],"curies":[{"name":"wp","href":"https:\/\/api.w.org\/{rel}","templated":true}]}}