{"id":71175,"date":"2019-02-26T15:41:25","date_gmt":"2019-02-26T14:41:25","guid":{"rendered":"https:\/\/zjarr.tv\/?p=71175"},"modified":"2019-02-26T15:41:25","modified_gmt":"2019-02-26T14:41:25","slug":"shkollat-9-vjecare-te-vendit-fushate-kunder-ekstremizmit-dhe-radikalizimit","status":"publish","type":"post","link":"https:\/\/zjarr.tv\/sq\/shkollat-9-vjecare-te-vendit-fushate-kunder-ekstremizmit-dhe-radikalizimit\/","title":{"rendered":"Shkollat 9-vje\u00e7are t\u00eb vendit, fushat\u00eb kund\u00ebr ekstremizmit dhe radikalizimit"},"content":{"rendered":"<p style=\"line-height: 22.5pt;background: white;margin: 12.0pt 0in 6.0pt 0in\"><span style=\"color: #404040;background: white\">N\u00eb koh\u00ebt q\u00eb jetojm\u00eb, t\u00eb rinjt\u00eb ve\u00e7an\u00ebrisht jan\u00eb t\u00eb ekspozuar ndaj formave nga t\u00eb shum\u00ebllojshmet e ekstremizmit. P\u00ebr k\u00ebt\u00eb arsye, n\u00ebp\u00ebr shkollat 9-vje\u00e7are t\u00eb vendit ka nisur nj\u00eb fushat\u00eb sensibilizuese kund\u00ebr ekstremizmit t\u00eb dhunsh\u00ebm dhe radikalizimit.<\/span><\/p>\n<p style=\"line-height: 22.5pt;background: white;margin: 12.0pt 0in 6.0pt 0in\"><span style=\"color: #404040\">Radikalizimi dhe rekrutimi i t\u00eb rinjve n\u00eb grupe ekstremiste \u00ebsht\u00eb nj\u00eb shqet\u00ebsim n\u00eb rritje. Me nism\u00ebn e Ministris\u00eb s\u00eb Arsimit, nx\u00ebn\u00ebsit e shkoll\u00ebs 9-vje\u00e7are \u201cFan Noli\u201d n\u00eb Tiran\u00eb organizuan nj\u00eb aktivitet kund\u00ebr ekstremizmit.<\/span><\/p>\n<p style=\"line-height: 22.5pt;background: white;text-align: start;margin: 12.0pt 0in 6.0pt 0in\"><span style=\"color: #404040\">\u201cShkak \u00ebsht\u00eb p\u00ebrjashtimi i individit\u201d, thot\u00eb nj\u00eb nx\u00ebn\u00ebs. Nj\u00eb tjet\u00ebr shpjegon se fenomeni haset jo vet\u00ebm n\u00eb imponimin e fes\u00eb, por edhe imponimin e partive.<\/span><\/p>\n<p style=\"line-height: 22.5pt;background: white;text-align: start;margin: 12.0pt 0in 6.0pt 0in\"><span style=\"color: #404040\">\u201cJan\u00eb m\u00ebsuesit, familja dhe shoq\u00ebria, mekanizmat q\u00eb t\u00eb mbrojn\u00eb. Gjith\u00e7ka fillon me t\u00eb rinjt\u00eb dhe f\u00ebmij\u00ebt\u201d, tha nj\u00eb m\u00ebsuese.<\/span><\/p>\n","protected":false},"excerpt":{"rendered":"<p>N\u00eb koh\u00ebt q\u00eb jetojm\u00eb, t\u00eb rinjt\u00eb ve\u00e7an\u00ebrisht jan\u00eb t\u00eb ekspozuar ndaj formave nga t\u00eb shum\u00ebllojshmet e ekstremizmit. P\u00ebr k\u00ebt\u00eb arsye, n\u00ebp\u00ebr shkollat 9-vje\u00e7are t\u00eb vendit ka nisur nj\u00eb fushat\u00eb sensibilizuese kund\u00ebr ekstremizmit t\u00eb dhunsh\u00ebm dhe radikalizimit. Radikalizimi dhe rekrutimi i t\u00eb rinjve n\u00eb grupe ekstremiste \u00ebsht\u00eb nj\u00eb shqet\u00ebsim n\u00eb rritje. Me nism\u00ebn e Ministris\u00eb s\u00eb [&hellip;]<\/p>\n","protected":false},"author":2020,"featured_media":0,"comment_status":"open","ping_status":"closed","sticky":false,"template":"","format":"standard","meta":{"footnotes":""},"categories":[241,231,235],"tags":[],"class_list":{"0":"post-71175","1":"post","2":"type-post","3":"status-publish","4":"format-standard","6":"category-aktualitet","7":"category-lajme","8":"category-vendi"},"_links":{"self":[{"href":"https:\/\/zjarr.tv\/sq\/wp-json\/wp\/v2\/posts\/71175","targetHints":{"allow":["GET"]}}],"collection":[{"href":"https:\/\/zjarr.tv\/sq\/wp-json\/wp\/v2\/posts"}],"about":[{"href":"https:\/\/zjarr.tv\/sq\/wp-json\/wp\/v2\/types\/post"}],"author":[{"embeddable":true,"href":"https:\/\/zjarr.tv\/sq\/wp-json\/wp\/v2\/users\/2020"}],"replies":[{"embeddable":true,"href":"https:\/\/zjarr.tv\/sq\/wp-json\/wp\/v2\/comments?post=71175"}],"version-history":[{"count":0,"href":"https:\/\/zjarr.tv\/sq\/wp-json\/wp\/v2\/posts\/71175\/revisions"}],"wp:attachment":[{"href":"https:\/\/zjarr.tv\/sq\/wp-json\/wp\/v2\/media?parent=71175"}],"wp:term":[{"taxonomy":"category","embeddable":true,"href":"https:\/\/zjarr.tv\/sq\/wp-json\/wp\/v2\/categories?post=71175"},{"taxonomy":"post_tag","embeddable":true,"href":"https:\/\/zjarr.tv\/sq\/wp-json\/wp\/v2\/tags?post=71175"}],"curies":[{"name":"wp","href":"https:\/\/api.w.org\/{rel}","templated":true}]}}