{"id":71201,"date":"2019-02-26T18:31:16","date_gmt":"2019-02-26T17:31:16","guid":{"rendered":"https:\/\/zjarr.tv\/?p=71201"},"modified":"2019-02-26T18:31:16","modified_gmt":"2019-02-26T17:31:16","slug":"rama-opozita-i-trembet-drejtesise-asnje-hap-pas","status":"publish","type":"post","link":"https:\/\/zjarr.tv\/sq\/rama-opozita-i-trembet-drejtesise-asnje-hap-pas\/","title":{"rendered":"Rama: Opozita i trembet drejt\u00ebsis\u00eb, asnj\u00eb hap pas"},"content":{"rendered":"<p>Nd\u00ebrkoh\u00eb q\u00eb opozita protestonte perpara parlamentit, kryeministri Rama zgjodhi t\u00eb mos merrte pjes\u00eb n\u00eb seanc\u00eb, por t\u00eb vijonte turin e tij \u201cBashkia q\u00eb duam\u201d.<\/p>\n<p>Nga Lushnja kryeministri tha se opozita \u00ebsht\u00eb duke u fshehur p\u00ebr ti shp\u00ebtuar reform\u00ebs n\u00eb drejt\u00ebsi.<\/p>\n<p>&nbsp;<\/p>\n<p><strong>EDI RAMA<\/strong><\/p>\n<p><strong>KRYEMINISTER I SHQIPERISE<\/strong><\/p>\n<p><strong>Ata q\u00eb deri dje ishin n\u00eb parlament sot vin\u00eb protestojn\u00eb para der\u00ebs s\u00eb parlamentit, duke th\u00ebn\u00eb se jan\u00eb populli se i g\u00ebnjen mendja se mund t\u00eb fshihen n\u00eb popull kur t\u00eb vij\u00eb momenti p\u00ebr t\u00eb dale para drejt\u00ebsis\u00eb.\u00a0Kemi b\u00ebr\u00eb nj\u00eb reform\u00eb ne drejt\u00ebsi p\u00ebr t\u00eb cil\u00ebn ishim gati t\u00eb prishnim edhe qeverin\u00eb me ata q\u00eb ishim m\u00eb par\u00eb, se ata nuk e donin reformen n\u00eb drejt\u00ebsi.Kjo \u00ebsht\u00eb faza kur po pastrohet drejt\u00ebsia, ku po ndahen gjykat\u00ebsit dhe prokuror\u00ebt e ndersh\u00ebm, ku do t\u00eb marrin n\u00eb dor\u00eb drejt\u00ebsin\u00eb e re q\u00eb po ngrim\u00eb e para tyre do t\u00eb dalin t\u00eb gjith\u00eb ata q\u00eb duhet, qofshin gjyqtar, qofshin prokuror a biznesmen. Se shqip\u00ebria nuk mund t\u00eb jet\u00eb vendi ku zullumet mund t\u00eb vazhdojn\u00eb pa nd\u00ebshkur.<\/strong><\/p>\n<p><em>\u00a0<\/em><\/p>\n<p>Kryeministri rikonfirmoi se mazhporanca nuk do te terhiqet ndersa tha se do te zbatoje kontraten qe ka me popullin.<\/p>\n<p>&nbsp;<\/p>\n<p><strong>Nuk kan\u00eb se si ti fitojne jdhe jo se ne blejme zgjedhje por se ne jemi me te mir\u00eb dhe m\u00eb t\u00eb zot\u00eb se ata. A nuk ishte nje vit me par\u00eb kur ju dham\u00eb gjith\u00e7ka q\u00eb k\u00ebrkuan. Mor\u00ebn gjysmen e qeverise, ministrine e brendshme dhe ato me administrat\u00eb t\u00eb madhe. Administrata u kyc n\u00ebp\u00ebr shpia dhe kushdo u pa n\u00eb fushat u ndeshkua\u2026 e pse jua dham\u00eb ne ato, vet\u00ebm me nj\u00eb q\u00ebllim. Kush humbet ben opozit, kush fiton qeveris dhe nuk shahet m\u00eb shqiperia n\u00eb gjuhe t\u00eb huaj.Humben kaluan ver\u00ebn t\u00eb trullosur dhe filluan nga avazi i tyre. Zgjedhjet na i vodhen dhe vu e vu e vu na nxine shqiperine ne gjuhe te huaj.<\/strong><\/p>\n<p><em>\u00a0<\/em><\/p>\n<p>Rama vleresoi edhe ish- deputetin demokrat , Myslim murrizi, i cili nuk dor\u00ebzoi mandatin.<\/p>\n<p>&nbsp;<\/p>\n<p><strong>Nese nuk keni kohe te mendoni se kush eshte dallimi mes nesh dhe atyre q\u00eb jane arratisur nga detyra, per te perfaq\u00ebsuar te zgjedhurit e tyre, megjith\u00ebse lushnja nuk eshte fare e papperfaq\u00ebsuar, se ndodhi si ndodhi, por i vetmi me dy pare mend ne koke ishte Myslim Murrizi.<\/strong><\/p>\n<p>&nbsp;<\/p>\n<p>&nbsp;<\/p>\n<p>&nbsp;<\/p>\n<p>&nbsp;<\/p>\n","protected":false},"excerpt":{"rendered":"<p>Nd\u00ebrkoh\u00eb q\u00eb opozita protestonte perpara parlamentit, kryeministri Rama zgjodhi t\u00eb mos merrte pjes\u00eb n\u00eb seanc\u00eb, por t\u00eb vijonte turin e tij \u201cBashkia q\u00eb duam\u201d. Nga Lushnja kryeministri tha se opozita \u00ebsht\u00eb duke u fshehur p\u00ebr ti shp\u00ebtuar reform\u00ebs n\u00eb drejt\u00ebsi. &nbsp; EDI RAMA KRYEMINISTER I SHQIPERISE Ata q\u00eb deri dje ishin n\u00eb parlament sot vin\u00eb [&hellip;]<\/p>\n","protected":false},"author":2013,"featured_media":0,"comment_status":"open","ping_status":"closed","sticky":false,"template":"","format":"standard","meta":{"footnotes":""},"categories":[241,235],"tags":[],"class_list":{"0":"post-71201","1":"post","2":"type-post","3":"status-publish","4":"format-standard","6":"category-aktualitet","7":"category-vendi"},"_links":{"self":[{"href":"https:\/\/zjarr.tv\/sq\/wp-json\/wp\/v2\/posts\/71201","targetHints":{"allow":["GET"]}}],"collection":[{"href":"https:\/\/zjarr.tv\/sq\/wp-json\/wp\/v2\/posts"}],"about":[{"href":"https:\/\/zjarr.tv\/sq\/wp-json\/wp\/v2\/types\/post"}],"author":[{"embeddable":true,"href":"https:\/\/zjarr.tv\/sq\/wp-json\/wp\/v2\/users\/2013"}],"replies":[{"embeddable":true,"href":"https:\/\/zjarr.tv\/sq\/wp-json\/wp\/v2\/comments?post=71201"}],"version-history":[{"count":0,"href":"https:\/\/zjarr.tv\/sq\/wp-json\/wp\/v2\/posts\/71201\/revisions"}],"wp:attachment":[{"href":"https:\/\/zjarr.tv\/sq\/wp-json\/wp\/v2\/media?parent=71201"}],"wp:term":[{"taxonomy":"category","embeddable":true,"href":"https:\/\/zjarr.tv\/sq\/wp-json\/wp\/v2\/categories?post=71201"},{"taxonomy":"post_tag","embeddable":true,"href":"https:\/\/zjarr.tv\/sq\/wp-json\/wp\/v2\/tags?post=71201"}],"curies":[{"name":"wp","href":"https:\/\/api.w.org\/{rel}","templated":true}]}}