{"id":71211,"date":"2019-02-26T18:40:10","date_gmt":"2019-02-26T17:40:10","guid":{"rendered":"https:\/\/zjarr.tv\/?p=71211"},"modified":"2019-02-26T18:40:10","modified_gmt":"2019-02-26T17:40:10","slug":"gure-zjarr-dhe-tymuese-drejt-policise-para-parlamentit","status":"publish","type":"post","link":"https:\/\/zjarr.tv\/sq\/gure-zjarr-dhe-tymuese-drejt-policise-para-parlamentit\/","title":{"rendered":"Gur\u00eb, zjarr dhe tymuese drejt policis\u00eb para parlamentit"},"content":{"rendered":"<p>Protesta e opozit\u00ebs para parlamentit k\u00ebt\u00eb t\u00eb m\u00ebrkur\u00eb ka prodhuar disa incident serioze. P\u00ebrvec sulmeve q\u00eb iu b\u00ebn\u00eb ministrit Klosi dhe deputetit St\u00ebrkaj, mb\u00ebshtetesit e PD dhe LSI nuk I kursyen edhe sendet e forta dhe tymuese drejt forcave te rendit.<br \/>\nFillimisht ata kan\u00eb hedhur tymuese drejt rrjeshtit t\u00eb par\u00eb t\u00eb forcave te rendit q\u00eb ishin para vendosur para godin\u00ebs s\u00eb kuvendit. M\u00eb pas pati p\u00ebrplasje fizike mes pal\u00ebve, teksa policet arrit\u00ebn ti largojn\u00eb protestuesit nga perimetri I siguris\u00eb paraprake. M\u00eb tej simpatizantet e opozit\u00ebs kan\u00eb ndezur zjarr n\u00eb forma t\u00eb ndryshme para policeve, sidomos duke I v\u00ebn\u00eb flak\u00ebn gomave. Ata q\u00eb kan\u00eb mbajtur pesh\u00ebn kryesore t\u00eb k\u00ebtyre incidenteve kan\u00eb q\u00ebn\u00eb banor\u00ebt e Astirit. Nj\u00eb grup t\u00eb rinjsh gjithashtu nuk kan\u00eb kursyer edhe gurat drejt policis\u00eb.<\/p>\n","protected":false},"excerpt":{"rendered":"<p>Protesta e opozit\u00ebs para parlamentit k\u00ebt\u00eb t\u00eb m\u00ebrkur\u00eb ka prodhuar disa incident serioze. P\u00ebrvec sulmeve q\u00eb iu b\u00ebn\u00eb ministrit Klosi dhe deputetit St\u00ebrkaj, mb\u00ebshtetesit e PD dhe LSI nuk I kursyen edhe sendet e forta dhe tymuese drejt forcave te rendit. Fillimisht ata kan\u00eb hedhur tymuese drejt rrjeshtit t\u00eb par\u00eb t\u00eb forcave te rendit q\u00eb [&hellip;]<\/p>\n","protected":false},"author":2013,"featured_media":0,"comment_status":"open","ping_status":"closed","sticky":false,"template":"","format":"standard","meta":{"footnotes":""},"categories":[241,235],"tags":[],"class_list":{"0":"post-71211","1":"post","2":"type-post","3":"status-publish","4":"format-standard","6":"category-aktualitet","7":"category-vendi"},"_links":{"self":[{"href":"https:\/\/zjarr.tv\/sq\/wp-json\/wp\/v2\/posts\/71211","targetHints":{"allow":["GET"]}}],"collection":[{"href":"https:\/\/zjarr.tv\/sq\/wp-json\/wp\/v2\/posts"}],"about":[{"href":"https:\/\/zjarr.tv\/sq\/wp-json\/wp\/v2\/types\/post"}],"author":[{"embeddable":true,"href":"https:\/\/zjarr.tv\/sq\/wp-json\/wp\/v2\/users\/2013"}],"replies":[{"embeddable":true,"href":"https:\/\/zjarr.tv\/sq\/wp-json\/wp\/v2\/comments?post=71211"}],"version-history":[{"count":0,"href":"https:\/\/zjarr.tv\/sq\/wp-json\/wp\/v2\/posts\/71211\/revisions"}],"wp:attachment":[{"href":"https:\/\/zjarr.tv\/sq\/wp-json\/wp\/v2\/media?parent=71211"}],"wp:term":[{"taxonomy":"category","embeddable":true,"href":"https:\/\/zjarr.tv\/sq\/wp-json\/wp\/v2\/categories?post=71211"},{"taxonomy":"post_tag","embeddable":true,"href":"https:\/\/zjarr.tv\/sq\/wp-json\/wp\/v2\/tags?post=71211"}],"curies":[{"name":"wp","href":"https:\/\/api.w.org\/{rel}","templated":true}]}}