{"id":71217,"date":"2019-02-26T18:46:28","date_gmt":"2019-02-26T17:46:28","guid":{"rendered":"https:\/\/zjarr.tv\/?p=71217"},"modified":"2019-02-26T18:46:28","modified_gmt":"2019-02-26T17:46:28","slug":"deputeti-i-pdiu-i-elbasanit-bashkohet-me-partine-socialiste","status":"publish","type":"post","link":"https:\/\/zjarr.tv\/sq\/deputeti-i-pdiu-i-elbasanit-bashkohet-me-partine-socialiste\/","title":{"rendered":"Deputeti i PDIU i Elbasanit bashkohet me Partin\u00eb Socialiste"},"content":{"rendered":"<p>Partis\u00eb p\u00ebr Drejt\u00ebsi, Integrim dhe Uniteti i ka ikur edhe nj\u00eb deputet nga radh\u00ebt e saj. Deputeti Dritan Bici ka kaluar n\u00eb grupin parlamentar t\u00eb Partis\u00eb Socialiste. Lajmin e ka b\u00ebr\u00eb t\u00eb ditur kryeparlamentari Gramoz Ru\u00e7i gjat\u00eb seanc\u00ebs plenare.<\/p>\n<p><em>\u201cIu njoftoj se deputeti Dritan Bici \u00ebsht\u00eb b\u00ebr\u00eb an\u00ebtar i grupit t\u00eb PS-s\u00eb. N\u00eb zbatim t\u00eb kodit p\u00ebr dor\u00ebzimin e mandateve, njoftuam organin kompetent p\u00ebr t\u00eb vijuar me procedurat e m\u00ebtejshme<\/em>\u201d, tha Ru\u00e7i.<\/p>\n<p>Bici vjen nga qarku i Elbasanit dhe mori mandatin n\u00eb fillim t\u00eb vitit 2018, m\u00eb shum\u00eb se 4 muaj konstituimit t\u00eb Parlamentit t\u00eb dal\u00eb nga zgjedhjet e qershorit 2017, p\u00ebr shkak t\u00eb heqjes s\u00eb mandatit t\u00eb Aqif Rakipit, i prekur nga ligji i dekriminalizimit.<\/p>\n<p>&nbsp;<\/p>\n","protected":false},"excerpt":{"rendered":"<p>Partis\u00eb p\u00ebr Drejt\u00ebsi, Integrim dhe Uniteti i ka ikur edhe nj\u00eb deputet nga radh\u00ebt e saj. Deputeti Dritan Bici ka kaluar n\u00eb grupin parlamentar t\u00eb Partis\u00eb Socialiste. Lajmin e ka b\u00ebr\u00eb t\u00eb ditur kryeparlamentari Gramoz Ru\u00e7i gjat\u00eb seanc\u00ebs plenare. \u201cIu njoftoj se deputeti Dritan Bici \u00ebsht\u00eb b\u00ebr\u00eb an\u00ebtar i grupit t\u00eb PS-s\u00eb. N\u00eb zbatim t\u00eb [&hellip;]<\/p>\n","protected":false},"author":2013,"featured_media":0,"comment_status":"open","ping_status":"closed","sticky":false,"template":"","format":"standard","meta":{"footnotes":""},"categories":[241,235],"tags":[],"class_list":{"0":"post-71217","1":"post","2":"type-post","3":"status-publish","4":"format-standard","6":"category-aktualitet","7":"category-vendi"},"_links":{"self":[{"href":"https:\/\/zjarr.tv\/sq\/wp-json\/wp\/v2\/posts\/71217","targetHints":{"allow":["GET"]}}],"collection":[{"href":"https:\/\/zjarr.tv\/sq\/wp-json\/wp\/v2\/posts"}],"about":[{"href":"https:\/\/zjarr.tv\/sq\/wp-json\/wp\/v2\/types\/post"}],"author":[{"embeddable":true,"href":"https:\/\/zjarr.tv\/sq\/wp-json\/wp\/v2\/users\/2013"}],"replies":[{"embeddable":true,"href":"https:\/\/zjarr.tv\/sq\/wp-json\/wp\/v2\/comments?post=71217"}],"version-history":[{"count":0,"href":"https:\/\/zjarr.tv\/sq\/wp-json\/wp\/v2\/posts\/71217\/revisions"}],"wp:attachment":[{"href":"https:\/\/zjarr.tv\/sq\/wp-json\/wp\/v2\/media?parent=71217"}],"wp:term":[{"taxonomy":"category","embeddable":true,"href":"https:\/\/zjarr.tv\/sq\/wp-json\/wp\/v2\/categories?post=71217"},{"taxonomy":"post_tag","embeddable":true,"href":"https:\/\/zjarr.tv\/sq\/wp-json\/wp\/v2\/tags?post=71217"}],"curies":[{"name":"wp","href":"https:\/\/api.w.org\/{rel}","templated":true}]}}