{"id":71232,"date":"2019-02-26T19:06:22","date_gmt":"2019-02-26T18:06:22","guid":{"rendered":"https:\/\/zjarr.tv\/?p=71232"},"modified":"2019-02-26T19:06:22","modified_gmt":"2019-02-26T18:06:22","slug":"deputetet-e-ps-bejne-foto-dhe-qeshin-nderkoh-qytetaret-perballen-me-gazin-lotsjelles","status":"publish","type":"post","link":"https:\/\/zjarr.tv\/sq\/deputetet-e-ps-bejne-foto-dhe-qeshin-nderkoh-qytetaret-perballen-me-gazin-lotsjelles\/","title":{"rendered":"Deputetet e PS b\u00ebjn\u00eb foto dhe qeshin, nd\u00ebrkoh qytetar\u00ebt p\u00ebrballen me gazin lotsjell\u00ebs"},"content":{"rendered":"<p>N\u00eb nj\u00eb koh\u00eb q\u00eb sheshi para Parlamentit ishte i mbushur me protestues dhe policia p\u00ebrdori gazlotsjell\u00ebs p\u00ebr t\u2019i shp\u00ebrndar\u00eb, n\u00eb pamjet e mediave \u00ebsht\u00eb par\u00eb q\u00eb deputet\u00ebt socialist ishin duke b\u00ebr\u00eb \u201csehir\u00eb\u201d n\u00eb shkall\u00ebt e Kuvendit. Madje n\u00eb moment q\u00eb protestuesit kan\u00eb nisur konfrontimet\u00a0 me forcat e rendit, socialist\u00ebt jan\u00eb par\u00eb t\u00eb b\u00ebjn\u00eb dhe fotografi \u2018selfie\u201d me nj\u00ebri-tjetrin. Nd\u00ebr deputet\u00ebt e pranish\u00ebm n\u00eb k\u00ebt\u00eb foto bie n\u00eb sy Fatmir Xhafaj, ish-ministri i Brendsh\u00ebm deputeti i PS, Flamur Golemi dhe dy k\u00ebshilltar\u00ebt t\u00eb Kuvendit.<\/p>\n","protected":false},"excerpt":{"rendered":"<p>N\u00eb nj\u00eb koh\u00eb q\u00eb sheshi para Parlamentit ishte i mbushur me protestues dhe policia p\u00ebrdori gazlotsjell\u00ebs p\u00ebr t\u2019i shp\u00ebrndar\u00eb, n\u00eb pamjet e mediave \u00ebsht\u00eb par\u00eb q\u00eb deputet\u00ebt socialist ishin duke b\u00ebr\u00eb \u201csehir\u00eb\u201d n\u00eb shkall\u00ebt e Kuvendit. Madje n\u00eb moment q\u00eb protestuesit kan\u00eb nisur konfrontimet\u00a0 me forcat e rendit, socialist\u00ebt jan\u00eb par\u00eb t\u00eb b\u00ebjn\u00eb dhe fotografi [&hellip;]<\/p>\n","protected":false},"author":2013,"featured_media":0,"comment_status":"open","ping_status":"closed","sticky":false,"template":"","format":"standard","meta":{"footnotes":""},"categories":[241,235],"tags":[],"class_list":{"0":"post-71232","1":"post","2":"type-post","3":"status-publish","4":"format-standard","6":"category-aktualitet","7":"category-vendi"},"_links":{"self":[{"href":"https:\/\/zjarr.tv\/sq\/wp-json\/wp\/v2\/posts\/71232","targetHints":{"allow":["GET"]}}],"collection":[{"href":"https:\/\/zjarr.tv\/sq\/wp-json\/wp\/v2\/posts"}],"about":[{"href":"https:\/\/zjarr.tv\/sq\/wp-json\/wp\/v2\/types\/post"}],"author":[{"embeddable":true,"href":"https:\/\/zjarr.tv\/sq\/wp-json\/wp\/v2\/users\/2013"}],"replies":[{"embeddable":true,"href":"https:\/\/zjarr.tv\/sq\/wp-json\/wp\/v2\/comments?post=71232"}],"version-history":[{"count":0,"href":"https:\/\/zjarr.tv\/sq\/wp-json\/wp\/v2\/posts\/71232\/revisions"}],"wp:attachment":[{"href":"https:\/\/zjarr.tv\/sq\/wp-json\/wp\/v2\/media?parent=71232"}],"wp:term":[{"taxonomy":"category","embeddable":true,"href":"https:\/\/zjarr.tv\/sq\/wp-json\/wp\/v2\/categories?post=71232"},{"taxonomy":"post_tag","embeddable":true,"href":"https:\/\/zjarr.tv\/sq\/wp-json\/wp\/v2\/tags?post=71232"}],"curies":[{"name":"wp","href":"https:\/\/api.w.org\/{rel}","templated":true}]}}