{"id":71333,"date":"2019-02-27T13:17:20","date_gmt":"2019-02-27T12:17:20","guid":{"rendered":"https:\/\/zjarr.tv\/?p=71333"},"modified":"2019-02-27T13:17:20","modified_gmt":"2019-02-27T12:17:20","slug":"elbasan-perplaset-makina-dhe-ciklomotori-nje-i-plagosur-rende","status":"publish","type":"post","link":"https:\/\/zjarr.tv\/sq\/elbasan-perplaset-makina-dhe-ciklomotori-nje-i-plagosur-rende\/","title":{"rendered":"Elbasan\/ P\u00ebrplaset makina dhe \u00e7iklomotori, nj\u00eb i plagosur r\u00ebnd\u00eb"},"content":{"rendered":"<p>Nj\u00eb aksident ka ndodhur para pak minutash n\u00eb aksin Peqin-Elbasan n\u00eb vendin e njohur si Bishqem. B\u00ebhet me dije se n\u00eb aksident jan\u00eb p\u00ebrfshir\u00eb nj\u00eb autovetur\u00eb dhe nj\u00eb \u00e7iklomotor. Si rezultat i aksidentit ka mbetur i d\u00ebmtuar r\u00ebnd\u00eb drejtuesi i \u00e7iklomotorit.<br \/>\nI plagosuri \u00ebsht\u00eb transportuar n\u00eb kirurgjikun e Elbasanit. Ende nuk dihen rrethanat e aksidentit apo edhe identiteti i personave t\u00eb p\u00ebrfshir\u00eb n\u00eb t\u00eb.<br \/>\nNd\u00ebrkoh\u00eb policia dhe grupi hetimor ndodhen n\u00eb vendin e ngjarjes p\u00ebr t\u00eb hetuar rrethanat e aksidentit.<\/p>\n","protected":false},"excerpt":{"rendered":"<p>Nj\u00eb aksident ka ndodhur para pak minutash n\u00eb aksin Peqin-Elbasan n\u00eb vendin e njohur si Bishqem. B\u00ebhet me dije se n\u00eb aksident jan\u00eb p\u00ebrfshir\u00eb nj\u00eb autovetur\u00eb dhe nj\u00eb \u00e7iklomotor. Si rezultat i aksidentit ka mbetur i d\u00ebmtuar r\u00ebnd\u00eb drejtuesi i \u00e7iklomotorit. I plagosuri \u00ebsht\u00eb transportuar n\u00eb kirurgjikun e Elbasanit. Ende nuk dihen rrethanat e aksidentit [&hellip;]<\/p>\n","protected":false},"author":2020,"featured_media":60273,"comment_status":"open","ping_status":"closed","sticky":false,"template":"","format":"standard","meta":{"footnotes":""},"categories":[241,231,235],"tags":[],"class_list":{"0":"post-71333","1":"post","2":"type-post","3":"status-publish","4":"format-standard","5":"has-post-thumbnail","7":"category-aktualitet","8":"category-lajme","9":"category-vendi"},"_links":{"self":[{"href":"https:\/\/zjarr.tv\/sq\/wp-json\/wp\/v2\/posts\/71333","targetHints":{"allow":["GET"]}}],"collection":[{"href":"https:\/\/zjarr.tv\/sq\/wp-json\/wp\/v2\/posts"}],"about":[{"href":"https:\/\/zjarr.tv\/sq\/wp-json\/wp\/v2\/types\/post"}],"author":[{"embeddable":true,"href":"https:\/\/zjarr.tv\/sq\/wp-json\/wp\/v2\/users\/2020"}],"replies":[{"embeddable":true,"href":"https:\/\/zjarr.tv\/sq\/wp-json\/wp\/v2\/comments?post=71333"}],"version-history":[{"count":0,"href":"https:\/\/zjarr.tv\/sq\/wp-json\/wp\/v2\/posts\/71333\/revisions"}],"wp:featuredmedia":[{"embeddable":true,"href":"https:\/\/zjarr.tv\/sq\/wp-json\/wp\/v2\/media\/60273"}],"wp:attachment":[{"href":"https:\/\/zjarr.tv\/sq\/wp-json\/wp\/v2\/media?parent=71333"}],"wp:term":[{"taxonomy":"category","embeddable":true,"href":"https:\/\/zjarr.tv\/sq\/wp-json\/wp\/v2\/categories?post=71333"},{"taxonomy":"post_tag","embeddable":true,"href":"https:\/\/zjarr.tv\/sq\/wp-json\/wp\/v2\/tags?post=71333"}],"curies":[{"name":"wp","href":"https:\/\/api.w.org\/{rel}","templated":true}]}}