{"id":71377,"date":"2019-02-27T15:02:42","date_gmt":"2019-02-27T14:02:42","guid":{"rendered":"https:\/\/zjarr.tv\/?p=71377"},"modified":"2019-02-27T15:02:42","modified_gmt":"2019-02-27T14:02:42","slug":"zjarr-ne-nje-apartament-ne-zonen-e-astirit","status":"publish","type":"post","link":"https:\/\/zjarr.tv\/sq\/zjarr-ne-nje-apartament-ne-zonen-e-astirit\/","title":{"rendered":"Zjarr n\u00eb nj\u00eb apartament n\u00eb zon\u00ebn e Astirit"},"content":{"rendered":"<p style=\"background: white;margin: 0in 0in 7.5pt 0in\"><span style=\"color: #333333\">Flak\u00ebt kan\u00eb r\u00ebn\u00eb n\u00eb nj\u00eb apartament n\u00eb katin e gjasht\u00eb t\u00eb nj\u00eb pallati n\u00eb zon\u00ebn e Astirit n\u00eb Tiran\u00eb<\/span><\/p>\n<p style=\"background: white;text-align: start;margin: 0in 0in 7.5pt 0in\"><span style=\"color: #333333\">Dy zjarrfik\u00ebse kan\u00eb shkuar n\u00eb vendin e ngjarjes p\u00ebr t\u00eb shuar flak\u00ebt.<\/span><\/p>\n<p style=\"background: white;text-align: start;margin: 0in 0in 7.5pt 0in\"><span style=\"color: #333333\">Momentalisht nuk raportohet p\u00ebr t\u00eb l\u00ebnduar por vet\u00ebm p\u00ebr d\u00ebme materiale.<\/span><\/p>\n","protected":false},"excerpt":{"rendered":"<p>Flak\u00ebt kan\u00eb r\u00ebn\u00eb n\u00eb nj\u00eb apartament n\u00eb katin e gjasht\u00eb t\u00eb nj\u00eb pallati n\u00eb zon\u00ebn e Astirit n\u00eb Tiran\u00eb Dy zjarrfik\u00ebse kan\u00eb shkuar n\u00eb vendin e ngjarjes p\u00ebr t\u00eb shuar flak\u00ebt. Momentalisht nuk raportohet p\u00ebr t\u00eb l\u00ebnduar por vet\u00ebm p\u00ebr d\u00ebme materiale.<\/p>\n","protected":false},"author":2020,"featured_media":0,"comment_status":"open","ping_status":"closed","sticky":false,"template":"","format":"standard","meta":{"footnotes":""},"categories":[241,231,235],"tags":[],"class_list":{"0":"post-71377","1":"post","2":"type-post","3":"status-publish","4":"format-standard","6":"category-aktualitet","7":"category-lajme","8":"category-vendi"},"_links":{"self":[{"href":"https:\/\/zjarr.tv\/sq\/wp-json\/wp\/v2\/posts\/71377","targetHints":{"allow":["GET"]}}],"collection":[{"href":"https:\/\/zjarr.tv\/sq\/wp-json\/wp\/v2\/posts"}],"about":[{"href":"https:\/\/zjarr.tv\/sq\/wp-json\/wp\/v2\/types\/post"}],"author":[{"embeddable":true,"href":"https:\/\/zjarr.tv\/sq\/wp-json\/wp\/v2\/users\/2020"}],"replies":[{"embeddable":true,"href":"https:\/\/zjarr.tv\/sq\/wp-json\/wp\/v2\/comments?post=71377"}],"version-history":[{"count":0,"href":"https:\/\/zjarr.tv\/sq\/wp-json\/wp\/v2\/posts\/71377\/revisions"}],"wp:attachment":[{"href":"https:\/\/zjarr.tv\/sq\/wp-json\/wp\/v2\/media?parent=71377"}],"wp:term":[{"taxonomy":"category","embeddable":true,"href":"https:\/\/zjarr.tv\/sq\/wp-json\/wp\/v2\/categories?post=71377"},{"taxonomy":"post_tag","embeddable":true,"href":"https:\/\/zjarr.tv\/sq\/wp-json\/wp\/v2\/tags?post=71377"}],"curies":[{"name":"wp","href":"https:\/\/api.w.org\/{rel}","templated":true}]}}