{"id":71384,"date":"2019-02-27T15:08:19","date_gmt":"2019-02-27T14:08:19","guid":{"rendered":"https:\/\/zjarr.tv\/?p=71384"},"modified":"2019-02-27T15:08:19","modified_gmt":"2019-02-27T14:08:19","slug":"qeveria-shtyn-afatin-e-vendimit-per-makinat-e-perdorura","status":"publish","type":"post","link":"https:\/\/zjarr.tv\/sq\/qeveria-shtyn-afatin-e-vendimit-per-makinat-e-perdorura\/","title":{"rendered":"Qeveria shtyn afatin e vendimit p\u00ebr makinat e p\u00ebrdorura"},"content":{"rendered":"<p style=\"line-height: 24.0pt;margin: 0in 0in 22.5pt 0in\"><span style=\"color: #18191a\">Ministrja\u00a0 e Infrastruktur\u00ebs dhe Energjis\u00eb, Belinda Balluku ka zbuluar ndryshimin e vendimit t\u00eb Qeveris\u00eb n\u00eb kuad\u00ebr t\u00eb masave kund\u00ebr ndotjes s\u00eb ajrit. Balluku tha se vendimi i ndalimit p\u00ebr makinat e p\u00ebrdorura \u00ebsht\u00eb shtyr\u00eb deri m\u00eb 31 dhjetor t\u00eb vitit 2019.<\/span><\/p>\n<p style=\"line-height: 24.0pt;margin: 0in 0in 22.5pt 0in\"><span style=\"color: #18191a\">\u201cJam k\u00ebtu p\u00ebrpara jush sot p\u00ebr t\u2019ju komunikuar disa ndryshime t\u00eb b\u00ebra gjat\u00eb mbledhjes s\u00eb Qeveris\u00eb n\u00eb Vendimin e K\u00ebshillit t\u00eb Ministrave Nr. 633, dat\u00eb 26.10.2018 \u201cP\u00ebr masat kund\u00ebr ndotjes s\u00eb ajrit nga shkarkimet e mjeteve motorike dhe reduktimin e shkarkimeve n\u00eb aj\u00ebr t\u00eb ndot\u00ebsve t\u00eb gazt\u00eb dhe t\u00eb l\u00ebnd\u00ebs s\u00eb ngurt\u00eb pezull nga motor\u00ebt me ndezje pozitive dhe ata me ndezje me kompresion q\u00eb djegin gaz natyror apo t\u00eb l\u00ebngsh\u00ebm p\u00ebr p\u00ebrdorim n\u00eb automjete\u201d. K\u00ebrkesat p\u00ebr k\u00ebto ndryshime kan\u00eb ardhur fillimisht nga qytetar\u00ebt p\u00ebrmes platform\u00ebs s\u00eb bashk\u00ebqeverisjes shqiperiaqeduam.al.<\/span><\/p>\n<p style=\"line-height: 24.0pt;text-align: start;margin: 0in 0in 22.5pt 0in\"><span style=\"color: #18191a\">Nd\u00ebrkoh\u00eb, Ministria e Infrastruktur\u00ebs dhe Energjis\u00eb organizoi nj\u00eb d\u00ebgjes\u00eb publike, me p\u00ebrfaq\u00ebsues t\u00eb grupeve t\u00eb interesit. Ekspert\u00ebt e Ministris\u00eb s\u00eb Infrastruktur\u00ebs dhe Energjis\u00eb kan\u00eb shqyrtuar me kujdes t\u00eb gjitha pretendimet e grupeve t\u00eb interesit, duke vler\u00ebsuar dhe interesin primar p\u00ebr mbrojtjen e mjedisit nga shkarkimet e gazrave n\u00eb aj\u00ebr.<\/span><\/p>\n<p style=\"line-height: 24.0pt;margin: 0in 0in 22.5pt 0in\"><span style=\"color: #18191a\">Po ashtu jan\u00eb konsultuar praktikat m\u00eb t\u00eb mira europiane, q\u00eb jan\u00eb aktualisht n\u00eb fuqi, p\u00ebr t\u00eb b\u00ebr\u00eb t\u00eb mundur gjetjen e nj\u00eb zgjidhjeje sa m\u00eb optimale, e cila nga nj\u00ebra an\u00eb do t\u00eb siguronte kushtet e duhura p\u00ebr mbrojtjen e mjedisit dhe nga ana tjet\u00ebr nuk do t\u00eb cenonte aktivitetin ekonomik n\u00eb k\u00ebt\u00eb fush\u00eb. Ndryshimet e miratuara sot n\u00eb mbledhjen e Qeveris\u00eb n\u00eb VKM 633 konsistojn\u00eb n\u00eb: 1. Shtyrjen e afatit t\u00eb hyrjes n\u00eb fuqi t\u00eb k\u00ebsaj vendimmarrje. Nga data 28 shkurt 2019 q\u00eb ishte n\u00eb VKM 633, afati shkon n\u00eb dat\u00ebn 31 dhjetor 2019. 2. Zhdoganimin e automjeteve q\u00eb kan\u00eb hyr\u00eb n\u00eb Shqip\u00ebri pas hyrjes n\u00eb fuqi t\u00eb VKM 633. Me ndryshimin e b\u00ebr\u00eb sot parashikohet q\u00eb do t\u00eb lejohet zhdoganimi i t\u00eb gjitha mjeteve q\u00eb kan\u00eb hyr\u00eb n\u00eb territorin e Shqip\u00ebris\u00eb deri n\u00eb dat\u00eb 31 dhjetor 2018. 3. Standartizimin sipas parametrave mat\u00ebs p\u00ebr emetimin e gazrave me standardet e BE-s\u00eb.<\/span><\/p>\n<p style=\"line-height: 24.0pt;text-align: start;margin: 0in 0in 22.5pt 0in\"><span style=\"color: #18191a\">Automjetet e p\u00ebrdorura q\u00eb do t\u00eb futen n\u00eb territorin e Republik\u00ebs s\u00eb Shqip\u00ebris\u00eb duhet t\u00eb p\u00ebrmbushin kushtet teknike Euro 4, nd\u00ebrkoh\u00eb q\u00eb automjetet me kilometrazh 0 duhet t\u00eb p\u00ebrmbushin kushtet Euro 5 dhe Euro 6. Ministria e Infrastruktur\u00ebs dhe Energjis\u00eb vler\u00ebson pun\u00ebn konsistente dhe serioze q\u00eb ka b\u00ebr\u00eb Ministria e Turizmit dhe Mjedisit si dhe bashk\u00ebpunimin shum\u00eb t\u00eb mir\u00eb q\u00eb kemi pasur n\u00eb trajtimin e t\u00eb gjith\u00eb problematikave q\u00eb k\u00ebrkoj\u00eb bashk\u00ebrendim institucional.\u201d, tha Balluku.<\/span><\/p>\n","protected":false},"excerpt":{"rendered":"<p>Ministrja\u00a0 e Infrastruktur\u00ebs dhe Energjis\u00eb, Belinda Balluku ka zbuluar ndryshimin e vendimit t\u00eb Qeveris\u00eb n\u00eb kuad\u00ebr t\u00eb masave kund\u00ebr ndotjes s\u00eb ajrit. Balluku tha se vendimi i ndalimit p\u00ebr makinat e p\u00ebrdorura \u00ebsht\u00eb shtyr\u00eb deri m\u00eb 31 dhjetor t\u00eb vitit 2019. \u201cJam k\u00ebtu p\u00ebrpara jush sot p\u00ebr t\u2019ju komunikuar disa ndryshime t\u00eb b\u00ebra gjat\u00eb mbledhjes [&hellip;]<\/p>\n","protected":false},"author":2020,"featured_media":0,"comment_status":"open","ping_status":"closed","sticky":false,"template":"","format":"standard","meta":{"footnotes":""},"categories":[241,231,235],"tags":[],"class_list":{"0":"post-71384","1":"post","2":"type-post","3":"status-publish","4":"format-standard","6":"category-aktualitet","7":"category-lajme","8":"category-vendi"},"_links":{"self":[{"href":"https:\/\/zjarr.tv\/sq\/wp-json\/wp\/v2\/posts\/71384","targetHints":{"allow":["GET"]}}],"collection":[{"href":"https:\/\/zjarr.tv\/sq\/wp-json\/wp\/v2\/posts"}],"about":[{"href":"https:\/\/zjarr.tv\/sq\/wp-json\/wp\/v2\/types\/post"}],"author":[{"embeddable":true,"href":"https:\/\/zjarr.tv\/sq\/wp-json\/wp\/v2\/users\/2020"}],"replies":[{"embeddable":true,"href":"https:\/\/zjarr.tv\/sq\/wp-json\/wp\/v2\/comments?post=71384"}],"version-history":[{"count":0,"href":"https:\/\/zjarr.tv\/sq\/wp-json\/wp\/v2\/posts\/71384\/revisions"}],"wp:attachment":[{"href":"https:\/\/zjarr.tv\/sq\/wp-json\/wp\/v2\/media?parent=71384"}],"wp:term":[{"taxonomy":"category","embeddable":true,"href":"https:\/\/zjarr.tv\/sq\/wp-json\/wp\/v2\/categories?post=71384"},{"taxonomy":"post_tag","embeddable":true,"href":"https:\/\/zjarr.tv\/sq\/wp-json\/wp\/v2\/tags?post=71384"}],"curies":[{"name":"wp","href":"https:\/\/api.w.org\/{rel}","templated":true}]}}