{"id":71415,"date":"2019-02-27T17:48:50","date_gmt":"2019-02-27T16:48:50","guid":{"rendered":"https:\/\/zjarr.tv\/?p=71415"},"modified":"2019-02-27T17:48:50","modified_gmt":"2019-02-27T16:48:50","slug":"meta-takon-presidentin-egjiptian","status":"publish","type":"post","link":"https:\/\/zjarr.tv\/sq\/meta-takon-presidentin-egjiptian\/","title":{"rendered":"Meta takon presidentin egjiptian"},"content":{"rendered":"<p>Gjat\u00eb vizit\u00ebs n\u00eb Egjipt, Presidenti Ilir Meta ka zhvilluar nj\u00eb takim me homologun egjiptian, Abdel Fattah El-Sisi. Duke iu referuar sfidave dhe interesave t\u00eb p\u00ebrbashk\u00ebta n\u00eb rajonin e Mesdheut, Presidenti Meta shprehu vullnetin p\u00ebr ta shfryt\u00ebzuar k\u00ebt\u00eb vizit\u00eb, p\u00ebr hapjen e nj\u00eb kapitulli t\u00eb ri n\u00eb marr\u00ebdh\u00ebniet midis vendeve tona.<\/p>\n<p>T\u00eb dy president\u00ebt ndan\u00eb mendimin se mund\u00ebsit\u00eb e bashk\u00ebpunimit ekonomik jan\u00eb shum\u00eb m\u00eb t\u00eb m\u00ebdha se rezultatet aktuale dhe kuadri ligjor n\u00eb fuqi \u00ebsht\u00eb stimulues n\u00eb k\u00ebt\u00eb drejtim.<\/p>\n<p>Presidenti Meta e siguroi homologun El-Sisi se investimet egjiptiane jan\u00eb t\u00eb mir\u00ebpritura n\u00eb Shqip\u00ebri.<\/p>\n<p><em>\u201cShqip\u00ebria mund t\u00eb jet\u00eb nj\u00eb port\u00eb hyr\u00ebse n\u00eb rajonin e Ballkanit p\u00ebr sip\u00ebrmarrjet egjiptiane\u201d,<\/em>\u00a0\u2013 n\u00ebnvizoi Presidenti Meta.<\/p>\n<p>Kreu i Shtetit shqiptar dhe Presidenti El-Sisi shpreh\u00ebn mb\u00ebshtetjen e tyre p\u00ebr nj\u00eb shfryt\u00ebzim m\u00eb t\u00eb mir\u00eb t\u00eb k\u00ebtyre mund\u00ebsive dhe mbledhjen sa m\u00eb par\u00eb t\u00eb Komisionit t\u00eb P\u00ebrbashk\u00ebt Nd\u00ebrshtet\u00ebror, q\u00eb do t\u00eb identifikoj\u00eb t\u00eb gjitha fushat e mundshme t\u00eb bashk\u00ebpunimit.<\/p>\n<p>Nj\u00eb v\u00ebmendje t\u00eb ve\u00e7ant\u00eb t\u00eb dy bashk\u00ebbiseduesit ua kushtuan edhe zhvillimeve n\u00eb rajonet respektive.<\/p>\n<p>Presidenti Meta dhe Presidenti El-Sisi ndan\u00eb mendimin se bashk\u00ebpunimi e solidariteti n\u00eb luft\u00ebn kund\u00ebr terrorizmit dhe ekstremizmit t\u00eb dhunsh\u00ebm \u00ebsht\u00eb i domosdosh\u00ebm p\u00ebr nj\u00eb rajon mesdhetar q\u00eb zhvillohet n\u00eb paqe dhe begati.<\/p>\n<p>Presidenti Meta vler\u00ebsoi gjithashtu rolin e Egjiptit n\u00eb aren\u00ebn nd\u00ebrkomb\u00ebtare, duke e konsideruar aktor dhe partner qendror n\u00eb rajonin e Lindjes s\u00eb Mesme.<\/p>\n<p>N\u00eb fund, Presidenti Meta e ftoi Presidentin El-Sisi p\u00ebr nj\u00eb vizit\u00eb zyrtare n\u00eb Shqip\u00ebri, ftes\u00eb q\u00eb u pranua me k\u00ebnaq\u00ebsi.<\/p>\n<p>&nbsp;<\/p>\n","protected":false},"excerpt":{"rendered":"<p>Gjat\u00eb vizit\u00ebs n\u00eb Egjipt, Presidenti Ilir Meta ka zhvilluar nj\u00eb takim me homologun egjiptian, Abdel Fattah El-Sisi. Duke iu referuar sfidave dhe interesave t\u00eb p\u00ebrbashk\u00ebta n\u00eb rajonin e Mesdheut, Presidenti Meta shprehu vullnetin p\u00ebr ta shfryt\u00ebzuar k\u00ebt\u00eb vizit\u00eb, p\u00ebr hapjen e nj\u00eb kapitulli t\u00eb ri n\u00eb marr\u00ebdh\u00ebniet midis vendeve tona. T\u00eb dy president\u00ebt ndan\u00eb mendimin [&hellip;]<\/p>\n","protected":false},"author":2013,"featured_media":68161,"comment_status":"open","ping_status":"closed","sticky":false,"template":"","format":"standard","meta":{"footnotes":""},"categories":[241,235],"tags":[],"class_list":{"0":"post-71415","1":"post","2":"type-post","3":"status-publish","4":"format-standard","5":"has-post-thumbnail","7":"category-aktualitet","8":"category-vendi"},"_links":{"self":[{"href":"https:\/\/zjarr.tv\/sq\/wp-json\/wp\/v2\/posts\/71415","targetHints":{"allow":["GET"]}}],"collection":[{"href":"https:\/\/zjarr.tv\/sq\/wp-json\/wp\/v2\/posts"}],"about":[{"href":"https:\/\/zjarr.tv\/sq\/wp-json\/wp\/v2\/types\/post"}],"author":[{"embeddable":true,"href":"https:\/\/zjarr.tv\/sq\/wp-json\/wp\/v2\/users\/2013"}],"replies":[{"embeddable":true,"href":"https:\/\/zjarr.tv\/sq\/wp-json\/wp\/v2\/comments?post=71415"}],"version-history":[{"count":0,"href":"https:\/\/zjarr.tv\/sq\/wp-json\/wp\/v2\/posts\/71415\/revisions"}],"wp:featuredmedia":[{"embeddable":true,"href":"https:\/\/zjarr.tv\/sq\/wp-json\/wp\/v2\/media\/68161"}],"wp:attachment":[{"href":"https:\/\/zjarr.tv\/sq\/wp-json\/wp\/v2\/media?parent=71415"}],"wp:term":[{"taxonomy":"category","embeddable":true,"href":"https:\/\/zjarr.tv\/sq\/wp-json\/wp\/v2\/categories?post=71415"},{"taxonomy":"post_tag","embeddable":true,"href":"https:\/\/zjarr.tv\/sq\/wp-json\/wp\/v2\/tags?post=71415"}],"curies":[{"name":"wp","href":"https:\/\/api.w.org\/{rel}","templated":true}]}}