{"id":71499,"date":"2019-02-28T11:44:00","date_gmt":"2019-02-28T10:44:00","guid":{"rendered":"https:\/\/zjarr.tv\/?p=71499"},"modified":"2019-02-28T11:44:00","modified_gmt":"2019-02-28T10:44:00","slug":"pd-mblidhet-sot-ne-shkoder","status":"publish","type":"post","link":"https:\/\/zjarr.tv\/sq\/pd-mblidhet-sot-ne-shkoder\/","title":{"rendered":"PD mblidhet sot n\u00eb Shkod\u00ebr"},"content":{"rendered":"<p>Partia Demokratike do t\u00eb mblidhet sot n\u00eb Shkod\u00ebr. M\u00ebsohet se takimi do t\u00eb zhvillohet n\u00eb or\u00ebn 13:00 dhe vjen nj\u00eb dit\u00eb pas takimit q\u00eb opozita zhvilloi me delegacionin e Parlamentit Europian.<\/p>\n<p>Opozita ka marr\u00eb nj\u00eb vendim ekstrem t\u00eb diegies s\u00eb mandateve, duke k\u00ebrkuar zgjedhje t\u00eb parakohshme me nj\u00eb qeveri tranzitore.<\/p>\n","protected":false},"excerpt":{"rendered":"<p>Partia Demokratike do t\u00eb mblidhet sot n\u00eb Shkod\u00ebr. M\u00ebsohet se takimi do t\u00eb zhvillohet n\u00eb or\u00ebn 13:00 dhe vjen nj\u00eb dit\u00eb pas takimit q\u00eb opozita zhvilloi me delegacionin e Parlamentit Europian. Opozita ka marr\u00eb nj\u00eb vendim ekstrem t\u00eb diegies s\u00eb mandateve, duke k\u00ebrkuar zgjedhje t\u00eb parakohshme me nj\u00eb qeveri tranzitore.<\/p>\n","protected":false},"author":4,"featured_media":71502,"comment_status":"open","ping_status":"closed","sticky":false,"template":"","format":"standard","meta":{"footnotes":""},"categories":[241,231,235],"tags":[],"class_list":{"0":"post-71499","1":"post","2":"type-post","3":"status-publish","4":"format-standard","5":"has-post-thumbnail","7":"category-aktualitet","8":"category-lajme","9":"category-vendi"},"_links":{"self":[{"href":"https:\/\/zjarr.tv\/sq\/wp-json\/wp\/v2\/posts\/71499","targetHints":{"allow":["GET"]}}],"collection":[{"href":"https:\/\/zjarr.tv\/sq\/wp-json\/wp\/v2\/posts"}],"about":[{"href":"https:\/\/zjarr.tv\/sq\/wp-json\/wp\/v2\/types\/post"}],"author":[{"embeddable":true,"href":"https:\/\/zjarr.tv\/sq\/wp-json\/wp\/v2\/users\/4"}],"replies":[{"embeddable":true,"href":"https:\/\/zjarr.tv\/sq\/wp-json\/wp\/v2\/comments?post=71499"}],"version-history":[{"count":0,"href":"https:\/\/zjarr.tv\/sq\/wp-json\/wp\/v2\/posts\/71499\/revisions"}],"wp:featuredmedia":[{"embeddable":true,"href":"https:\/\/zjarr.tv\/sq\/wp-json\/wp\/v2\/media\/71502"}],"wp:attachment":[{"href":"https:\/\/zjarr.tv\/sq\/wp-json\/wp\/v2\/media?parent=71499"}],"wp:term":[{"taxonomy":"category","embeddable":true,"href":"https:\/\/zjarr.tv\/sq\/wp-json\/wp\/v2\/categories?post=71499"},{"taxonomy":"post_tag","embeddable":true,"href":"https:\/\/zjarr.tv\/sq\/wp-json\/wp\/v2\/tags?post=71499"}],"curies":[{"name":"wp","href":"https:\/\/api.w.org\/{rel}","templated":true}]}}