{"id":71505,"date":"2019-02-28T11:50:54","date_gmt":"2019-02-28T10:50:54","guid":{"rendered":"https:\/\/zjarr.tv\/?p=71505"},"modified":"2019-02-28T11:50:54","modified_gmt":"2019-02-28T10:50:54","slug":"dalin-detaje-te-reja-nga-vrasja-ne-vlore-gjyshi-e-kishte-rritur-qe-foshnje-nipi-i-merr-jeten","status":"publish","type":"post","link":"https:\/\/zjarr.tv\/sq\/dalin-detaje-te-reja-nga-vrasja-ne-vlore-gjyshi-e-kishte-rritur-qe-foshnje-nipi-i-merr-jeten\/","title":{"rendered":"Dalin detaje t\u00eb reja nga vrasja n\u00eb Vlor\u00eb\/ Gjyshi e kishte rritur q\u00eb foshnje, nipi i merr jet\u00ebn"},"content":{"rendered":"<p>Detaje t\u00eb reja kan\u00eb dal\u00eb n\u00eb drit\u00eb lidhur me vrasjen e ndodhur dit\u00ebn e djeshme n\u00eb Vlor\u00eb ku nipi q\u00eblloi me arm\u00eb pas koke gjyshin.<\/p>\n<p>M\u00ebsohet se 69-vje\u00e7ari me iniciale V.K e kishte rritur i vet\u00ebm nipin q\u00eb kur ishte foshnje pasi prind\u00ebrit e tij kishin humbur jet\u00ebn n\u00eb nj\u00eb aksident automobilistik.<\/p>\n<p>I riu q\u00eblloi dje gjyshin e tij me arm\u00eb duke e plagosur e m\u00eb pas ka thirrur ambulanc\u00ebn.<\/p>\n<p>Disa or\u00eb m\u00eb von\u00eb 69-vje\u00e7ari ka nd\u00ebrruar jet\u00eb pasi nuk ka mundur t\u2019i mbijetoj\u00eb plag\u00ebve t\u00eb marra n\u00eb kok\u00eb.<\/p>\n<p>I riu, \u00ebsht\u00eb v\u00ebn\u00eb tashm\u00eb n\u00eb pranga nga policia e Vlor\u00ebs, pasi pas pyetjesh dhe shum\u00eb kontradiktash n\u00eb rr\u00ebfimin e ngjarjes ka pranuar n\u00eb fund se ishte ai autori.<\/p>\n<p>Gjithcka nisi n\u00eb koh\u00ebn q\u00eb ai ka tentuar t\u2019i vidhte gjyshit parat\u00eb q\u00eb kishte n\u00eb banes\u00eb. Por, n\u00eb at\u00eb koh\u00eb gjyshi e ka par\u00eb dhe mes tyre ka nisur sherri. N\u00eb sherr e sip\u00ebr ai ka rr\u00ebmbyer pistolet\u00ebn dhe e ka q\u00eblluar me nj\u00eb plumb n\u00eb kok\u00eb.<\/p>\n<p>M\u00eb pas ka njoftuar ambulanc\u00ebn dhe policin\u00eb dhe ka treguar se e kishte gjetur t\u00eb plagosur, duke th\u00ebn\u00eb se n\u00eb banes\u00eb mungonin parat\u00eb dhe gjyshi mund t\u00eb ishte plagosur nga grabit\u00ebsit. Autor\u00ebsin\u00eb e krimit e pranoi sot rreth or\u00ebs 04.00 te m\u00ebngjesit.<\/p>\n<p>Nipi ka pranuar n\u00eb polici vrasjen e gjyshit t\u00eb tij si dhe ka treguar vendin ku kishte fshehur arm\u00ebn.<\/p>\n<p>Nd\u00ebrkoh\u00eb dit\u00ebn e djeshm\u00eb nipi tha se kishte gjetur gjyshin e tij t\u00eb plagosur pasi disa persona kishin grabitur sht\u00ebpin\u00eb e tij duke marr\u00eb 1 milion lek\u00eb.<\/p>\n<p>Policia e Vlor\u00eb ka dh\u00ebn\u00eb versionin zyrtar t\u00eb krimit q\u00eb ndodhi mbr\u00ebmjen e kaluar n\u00eb k\u00ebt\u00eb qytet ku 69-vje\u00e7ari Vangjel Kapllani u vra nga nipi 17-vje\u00e7ar.<\/p>\n<p>Policia ka arrestuar nd\u00ebrkoh\u00eb edhe tre t\u00eb rinj t\u00eb tjer\u00eb p\u00ebr mbajtje pa leje dhe p\u00ebrdorim t\u00eb arm\u00ebve, t\u00eb cil\u00ebt dyshohet se i kan\u00eb shitur adoleshentit arm\u00ebn me t\u00eb cil\u00ebn q\u00eblloi pas koke gjyshin e tij.<\/p>\n<p>\u201cLidhur me ngjarjen e mbr\u00ebmshme ku i moshuari 69-vje\u00e7ar u d\u00ebrgua n\u00eb Spitalin e Vlor\u00ebs n\u00eb gjendje t\u00eb r\u00ebnd\u00eb sh\u00ebndet\u00ebsore, me pretendimin se u gjet i gjakosur nga nipi i tij, b\u00ebjm\u00eb me dije se:<\/p>\n<p>Policia e Vlor\u00ebs pas hetimeve intensive, ka b\u00ebr\u00eb zbardhjen e gjith\u00eb mekanizmit t\u00eb ngjarjes. Rezulton se autori i dyshuar i krimit t\u00eb jet\u00eb nipi i t\u00eb moshuarit, V.K., 17 vje\u00e7, i cili do t\u00eb p\u00ebrballet penalisht p\u00ebr vepr\u00ebn penale \u2018Vrasje p\u00ebr shkak t\u00eb marr\u00ebdh\u00ebnieve familjare\u2019.<\/p>\n<p>Pas ekspertiz\u00ebs s\u00eb kryer n\u00eb pjes\u00ebn e pasme t\u00eb kok\u00ebs s\u00eb viktim\u00ebs \u00ebsht\u00eb konstatuar nj\u00eb predh\u00eb arm\u00eb zjarri, e cila si pasoj\u00eb ka sjell\u00eb vdekjen e t\u00eb moshuarit.<br \/>\nGjithashtu, sh\u00ebrbimet policore kan\u00eb sekuestruar edhe arm\u00ebn e krimit, tip pistolet\u00eb, t\u00eb cil\u00ebn autori e kishte hedhur n\u00eb nj\u00eb puset\u00eb af\u00ebr banes\u00ebs me q\u00ebllim p\u00ebr t\u00eb fshehur gjurm\u00ebt.<br \/>\nN\u00eb vijim t\u00eb veprimeve hetimore, policia ka arrestuar n\u00eb flagranc\u00eb 3 persona, t\u00eb cil\u00ebt dyshohen se i kan\u00eb shitur arm\u00ebn e krimit autorit t\u00eb ngjarjes, shtetasit L.M., 17 vje\u00e7, F.Xh., 16 vje\u00e7 dhe M.A., 28 vje\u00e7, t\u00eb cil\u00ebt u arrestuan nga Policia p\u00ebr vepr\u00ebn penale \u2018Mbajtja pa leje dhe prodhimi i arm\u00ebve, arm\u00ebve shp\u00ebrthyese dhe municioneve\u2019\u201d, deklaron policia e Vlor\u00ebs.<\/p>\n","protected":false},"excerpt":{"rendered":"<p>Detaje t\u00eb reja kan\u00eb dal\u00eb n\u00eb drit\u00eb lidhur me vrasjen e ndodhur dit\u00ebn e djeshme n\u00eb Vlor\u00eb ku nipi q\u00eblloi me arm\u00eb pas koke gjyshin. M\u00ebsohet se 69-vje\u00e7ari me iniciale V.K e kishte rritur i vet\u00ebm nipin q\u00eb kur ishte foshnje pasi prind\u00ebrit e tij kishin humbur jet\u00ebn n\u00eb nj\u00eb aksident automobilistik. I riu q\u00eblloi [&hellip;]<\/p>\n","protected":false},"author":2020,"featured_media":69615,"comment_status":"open","ping_status":"closed","sticky":false,"template":"","format":"standard","meta":{"footnotes":""},"categories":[241,231,235],"tags":[],"class_list":{"0":"post-71505","1":"post","2":"type-post","3":"status-publish","4":"format-standard","5":"has-post-thumbnail","7":"category-aktualitet","8":"category-lajme","9":"category-vendi"},"_links":{"self":[{"href":"https:\/\/zjarr.tv\/sq\/wp-json\/wp\/v2\/posts\/71505","targetHints":{"allow":["GET"]}}],"collection":[{"href":"https:\/\/zjarr.tv\/sq\/wp-json\/wp\/v2\/posts"}],"about":[{"href":"https:\/\/zjarr.tv\/sq\/wp-json\/wp\/v2\/types\/post"}],"author":[{"embeddable":true,"href":"https:\/\/zjarr.tv\/sq\/wp-json\/wp\/v2\/users\/2020"}],"replies":[{"embeddable":true,"href":"https:\/\/zjarr.tv\/sq\/wp-json\/wp\/v2\/comments?post=71505"}],"version-history":[{"count":0,"href":"https:\/\/zjarr.tv\/sq\/wp-json\/wp\/v2\/posts\/71505\/revisions"}],"wp:featuredmedia":[{"embeddable":true,"href":"https:\/\/zjarr.tv\/sq\/wp-json\/wp\/v2\/media\/69615"}],"wp:attachment":[{"href":"https:\/\/zjarr.tv\/sq\/wp-json\/wp\/v2\/media?parent=71505"}],"wp:term":[{"taxonomy":"category","embeddable":true,"href":"https:\/\/zjarr.tv\/sq\/wp-json\/wp\/v2\/categories?post=71505"},{"taxonomy":"post_tag","embeddable":true,"href":"https:\/\/zjarr.tv\/sq\/wp-json\/wp\/v2\/tags?post=71505"}],"curies":[{"name":"wp","href":"https:\/\/api.w.org\/{rel}","templated":true}]}}