{"id":71506,"date":"2019-02-28T11:48:06","date_gmt":"2019-02-28T10:48:06","guid":{"rendered":"https:\/\/zjarr.tv\/?p=71506"},"modified":"2019-02-28T11:48:06","modified_gmt":"2019-02-28T10:48:06","slug":"delegacioni-i-pe-duhet-konsensus-kombetar-bojkotimi-eshte-nje-sinjal-shume-i-keq","status":"publish","type":"post","link":"https:\/\/zjarr.tv\/sq\/delegacioni-i-pe-duhet-konsensus-kombetar-bojkotimi-eshte-nje-sinjal-shume-i-keq\/","title":{"rendered":"Delegacioni i PE: Duhet konsensus komb\u00ebtar, bojkotimi \u00ebsht\u00eb nj\u00eb sinjal shum\u00eb i keq"},"content":{"rendered":"<p>Delegacioni i Parlamentit Europian dhe kryesuesi i k\u00ebtij delagacioni Tunne Kelam e ka shfaqur qart\u00eb q\u00ebndrimin p\u00ebr situat\u00ebn politike n\u00eb Shqip\u00ebri.<\/p>\n<p>N\u00eb nj\u00eb konferenc\u00eb p\u00ebr shtyp paraditen e sotme, eurodeputeti Tunne Kelam tha se \u00e7elja e negociatave me BE \u00ebsht\u00eb objektivi m\u00eb i r\u00ebnd\u00ebsish\u00ebm por duhet konsensus komb\u00ebtar, duke k\u00ebrkuar dialog dhe tejkalim t\u00eb dallimeve partiake p\u00ebr k\u00ebt\u00eb q\u00ebllim.<\/p>\n<p>\u201cNe vijm\u00eb nga Komiteti i pun\u00ebve t\u00eb jashtme t\u00eb PE. Jemi p\u00ebrfaq\u00ebsues t\u00eb 7 kombeve t\u00eb BE. Kemi ardhur k\u00ebtu s\u00eb pari n\u00eb atmosfer\u00ebn e shpres\u00ebs. Kemi nevoj\u00eb dhe jemi t\u00eb interesuar q\u00eb Shqip\u00ebria t\u00eb \u00e7el\u00eb negociatat. Ky objektiv shum\u00eb i r\u00ebnd\u00ebsish\u00ebm dhe do jet\u00eb m\u00eb i r\u00ebnd\u00ebsishmi deri sa ta kemi p\u00ebrmbysur. T\u00eb gjitha problemet si\u00e7 e kemi par\u00eb dhe n\u00eb raste t\u00eb tjera mund t\u00eb zgjidhen brenda BE. T\u00eb demokracis\u00eb, t\u00eb bashk\u00ebpunimit mes partive, mund t\u00eb zgjidhen dhe t\u00eb stabilizohen n\u00eb kuadrin e BE-s\u00eb. \u00cbsht\u00eb e r\u00ebnd\u00ebsishme t\u00eb mos vonohen apo shkaktohen vonesa t\u00eb tjera p\u00ebr k\u00ebt\u00eb proces. Dometh\u00ebn\u00eb mos t\u00eb ket\u00eb vonesa p\u00ebr shkak t\u00eb mosmarr\u00ebveshjeve komb\u00ebtare. Jemi aq t\u00eb interesuar t\u2019ju mir\u00ebpresim n\u00eb BE po aq sa jeni t\u00eb interesuar ju shqiptar\u00ebt\u201d, deklaroi zyrtari i PE.<\/p>\n<p>Ai tha se vendi ka b\u00ebr\u00eb progres n\u00eb shum\u00eb fusha, por se v\u00ebmendja \u00ebsht\u00eb tek zbatimi i reform\u00ebs n\u00eb drejt\u00ebsi dhe vettingut.<br \/>\n\u201cJu keni b\u00ebr\u00eb progres dometh\u00ebn\u00ebs, n\u00eb shum\u00eb fusha. Sigurisht q\u00eb mbeten gj\u00ebra p\u00ebr t\u2019u b\u00ebr\u00eb. V\u00ebmendja jon\u00eb shkon s\u00eb pari n\u00eb reform\u00ebn n\u00eb drejt\u00ebsi, n\u00eb procesin e vettingut dhe t\u00eb gjitha k\u00ebto po shkojn\u00eb mir\u00eb. Por sipas eksperienc\u00ebs i r\u00ebnd\u00ebsish\u00ebm \u00ebsht\u00eb zbatimi. P\u00ebr k\u00ebt\u00eb zbatim dhe p\u00ebr t\u00eb qen\u00eb t\u00eb gatsh\u00ebm ju p\u00ebr t\u00eb filluar negociatat p\u00ebr an\u00ebtar\u00ebsim nevojitet bashk\u00ebpunim i brendsh\u00ebm. \u00cbsht\u00eb jetike. Sinjali m\u00eb i keq q\u00eb mund t\u00eb jap\u00eb Shqip\u00ebria \u00ebsht\u00eb q\u00eb ka ndasi politike dhe munges\u00eb strategjish p\u00ebr k\u00ebt\u00eb objektiv. N\u00eb t\u00eb gjitha rastet k\u00ebrkohet unitet politik. Konsensusi komb\u00ebtar \u00ebsht\u00eb i r\u00ebnd\u00ebsish\u00ebm, duhen tejkaluar dallimet partiake. Edhe pse jemi p\u00ebrfaq\u00ebsues t\u00eb partive t\u00eb ndryshme politike\u201d, tha eurodeputeti.<\/p>\n<p>Ai deklaroi m\u00eb tej se \u201cne jemi t\u00eb bashkuar n\u00eb qasjen ton\u00eb se n\u00eb qoft\u00eb se Shqip\u00ebria \u00ebsht\u00eb demokraci dhe zgjedhjet jan\u00eb mbajtur, jan\u00eb t\u00eb njohura e t\u00eb pranuara \u00ebsht\u00eb e r\u00ebnd\u00ebsishme t\u00eb aderojm\u00eb n\u00eb institucione demokratike\u201d.<br \/>\n\u201cBojkotimi \u00ebsht\u00eb nj\u00eb sinjal shum\u00eb i keq, cenon besueshm\u00ebrin\u00eb e shtetit dhe t\u00eb kombit\u201d, theksoi Kelam.<\/p>\n<p>Kryesuesi i k\u00ebtij delegacioni Tunne Kelam tha nd\u00ebr t\u00eb tjera se duhet unitet politik dhe nuk duhet ndasi n\u00eb m\u00ebnyr\u00eb q\u00eb vendi t\u00eb \u00e7el\u00eb negociatat p\u00ebr an\u00ebtar\u00ebsimin dhe se bojkotimi i Kuvendi nuk \u00ebsht\u00eb gj\u00ebja e duhur.<\/p>\n<p>\u201cN\u00eb t\u00eb gjitha rastet ku kombe m\u00eb t\u00eb vogla jan\u00eb pranuar nga BE k\u00ebrkohet unitet politik. Nuk duhet t\u00eb ket\u00eb ndasi. \u00a0Bojkotimi nga parlamenti i p\u00ebrfaq\u00ebsuesve m\u00eb t\u00eb lart\u00eb t\u00eb parlamentit p\u00ebrb\u00ebn sinjal t\u00eb keq. Nuk jemi dakord q\u00eb bojkotimi i parlamentit do t\u00eb ishte gj\u00ebja e duhur. I b\u00ebjm\u00eb thirrje forcave politike dhe t\u00eb ndihmojn\u00eb q\u00eb t\u00eb bashkohen me nj\u00ebri-tjetrin. Nuk mund t\u00eb gjesh arsye p\u00ebr t\u00eb vonuar integrimin e vendit p\u00ebr shkak t\u00eb ndasive. S\u00eb dyti, demonstratat dhe protestat q\u00eb kan\u00eb ndodhur, ne jemi kund\u00ebr dhun\u00ebs. Ne jemi kund\u00ebr nxitjes s\u00eb dhun\u00ebs nga partit\u00eb, pasi \u00ebsht\u00eb kund\u00ebr stabilitetit dhe besueshm\u00ebris\u00eb s\u00eb vendit. Jemi takuar me p\u00ebrfaq\u00ebsues t\u00eb organizatave civile. P\u00ebrfundimi \u00ebsht\u00eb se Shqip\u00ebria ka m\u00eb shum\u00eb hap\u00ebsir\u00eb p\u00ebr shoq\u00ebri civile dhe t\u00eb ken\u00eb akses n\u00eb institucione qeveritare. Ata nuk mund t\u00eb reagojn\u00eb vet\u00ebm pasi t\u00eb miratohen ligjet. Problem mbetet edhe largimi i t\u00eb rinjve nga vendi. \u00cbsht\u00eb n\u00eb interes q\u00eb te merrem n\u00eb konsiderat\u00eb edhe \u00e7\u00ebshtjet e student\u00ebve\u201d- tha Tunne Kelam.<\/p>\n","protected":false},"excerpt":{"rendered":"<p>Delegacioni i Parlamentit Europian dhe kryesuesi i k\u00ebtij delagacioni Tunne Kelam e ka shfaqur qart\u00eb q\u00ebndrimin p\u00ebr situat\u00ebn politike n\u00eb Shqip\u00ebri. N\u00eb nj\u00eb konferenc\u00eb p\u00ebr shtyp paraditen e sotme, eurodeputeti Tunne Kelam tha se \u00e7elja e negociatave me BE \u00ebsht\u00eb objektivi m\u00eb i r\u00ebnd\u00ebsish\u00ebm por duhet konsensus komb\u00ebtar, duke k\u00ebrkuar dialog dhe tejkalim t\u00eb dallimeve [&hellip;]<\/p>\n","protected":false},"author":4,"featured_media":0,"comment_status":"open","ping_status":"closed","sticky":false,"template":"","format":"standard","meta":{"footnotes":""},"categories":[241,231,235],"tags":[],"class_list":{"0":"post-71506","1":"post","2":"type-post","3":"status-publish","4":"format-standard","6":"category-aktualitet","7":"category-lajme","8":"category-vendi"},"_links":{"self":[{"href":"https:\/\/zjarr.tv\/sq\/wp-json\/wp\/v2\/posts\/71506","targetHints":{"allow":["GET"]}}],"collection":[{"href":"https:\/\/zjarr.tv\/sq\/wp-json\/wp\/v2\/posts"}],"about":[{"href":"https:\/\/zjarr.tv\/sq\/wp-json\/wp\/v2\/types\/post"}],"author":[{"embeddable":true,"href":"https:\/\/zjarr.tv\/sq\/wp-json\/wp\/v2\/users\/4"}],"replies":[{"embeddable":true,"href":"https:\/\/zjarr.tv\/sq\/wp-json\/wp\/v2\/comments?post=71506"}],"version-history":[{"count":0,"href":"https:\/\/zjarr.tv\/sq\/wp-json\/wp\/v2\/posts\/71506\/revisions"}],"wp:attachment":[{"href":"https:\/\/zjarr.tv\/sq\/wp-json\/wp\/v2\/media?parent=71506"}],"wp:term":[{"taxonomy":"category","embeddable":true,"href":"https:\/\/zjarr.tv\/sq\/wp-json\/wp\/v2\/categories?post=71506"},{"taxonomy":"post_tag","embeddable":true,"href":"https:\/\/zjarr.tv\/sq\/wp-json\/wp\/v2\/tags?post=71506"}],"curies":[{"name":"wp","href":"https:\/\/api.w.org\/{rel}","templated":true}]}}