{"id":71511,"date":"2019-02-28T11:53:10","date_gmt":"2019-02-28T10:53:10","guid":{"rendered":"https:\/\/zjarr.tv\/?p=71511"},"modified":"2019-02-28T11:53:10","modified_gmt":"2019-02-28T10:53:10","slug":"paloka-i-pergjigjet-fleckenstein-askush-nuk-e-shpeton-ramen-nga-ngordhja","status":"publish","type":"post","link":"https:\/\/zjarr.tv\/sq\/paloka-i-pergjigjet-fleckenstein-askush-nuk-e-shpeton-ramen-nga-ngordhja\/","title":{"rendered":"Paloka i p\u00ebrgjigjet Fleckenstein: Askush nuk e shp\u00ebton Ram\u00ebn nga ngordhja"},"content":{"rendered":"<p>E nd\u00ebrsa Shqip\u00ebria ka mbetur pa opozit\u00eb, p\u00ebr shkak se deputet\u00ebt e saj kan\u00eb dor\u00ebzuar mandatet, nj\u00eb gj\u00eb e till\u00eb duket se nuk \u00ebsht\u00eb aprovuar mir\u00eb tek delegacioni i PE. Raportuesi p\u00ebr Shqip\u00ebrin\u00eb n\u00eb Parlamentin Evropian ka b\u00ebr\u00eb t\u00eb ditur se djegia e mandateve nuk \u00ebsht\u00eb m\u00ebnyra e duhur p\u00ebr t\u2019i zgjidhur problemet politike. \u201cNe presim q\u00eb deputet\u00ebt t\u00eb shkojn\u00eb n\u00eb pun\u00eb\u201d, \u2013 tha Fleckenstein, i cili theksoi se se nuk ka asnj\u00eb diskutim q\u00eb Parlamenti do t\u00eb funksionoj\u00eb, qoft\u00eb edhe pa an\u00ebtar\u00eb t\u00eb rinj.<\/p>\n<p>Pas kryetares s\u00eb LSI, e cila reagoi duke th\u00ebn\u00eb se nuk ka asnj\u00eb hap prapa, ka reaguar Edi Paloka. N\u00ebp\u00ebrmjet nj\u00eb statusi n\u00eb Facebook, ai i ka kthyer nj\u00eb p\u00ebrgjigje delegacionit t\u00eb PE, duke th\u00ebn\u00eb se askush nuk e shp\u00ebton nga ngordhja.\u00a0 \u201cE kuptuat\u2026 Protesten tjeter duhet te jemi edhe me te shumte edhe me te vendosur edhe me te pregatitur. Asgje dhe askush nuk e shpeton nga ngordhja\u201d, ka shkruar n\u00eb Facebook Paloka.<\/p>\n","protected":false},"excerpt":{"rendered":"<p>E nd\u00ebrsa Shqip\u00ebria ka mbetur pa opozit\u00eb, p\u00ebr shkak se deputet\u00ebt e saj kan\u00eb dor\u00ebzuar mandatet, nj\u00eb gj\u00eb e till\u00eb duket se nuk \u00ebsht\u00eb aprovuar mir\u00eb tek delegacioni i PE. Raportuesi p\u00ebr Shqip\u00ebrin\u00eb n\u00eb Parlamentin Evropian ka b\u00ebr\u00eb t\u00eb ditur se djegia e mandateve nuk \u00ebsht\u00eb m\u00ebnyra e duhur p\u00ebr t\u2019i zgjidhur problemet politike. \u201cNe [&hellip;]<\/p>\n","protected":false},"author":4,"featured_media":0,"comment_status":"open","ping_status":"closed","sticky":false,"template":"","format":"standard","meta":{"footnotes":""},"categories":[241,231,235],"tags":[],"class_list":{"0":"post-71511","1":"post","2":"type-post","3":"status-publish","4":"format-standard","6":"category-aktualitet","7":"category-lajme","8":"category-vendi"},"_links":{"self":[{"href":"https:\/\/zjarr.tv\/sq\/wp-json\/wp\/v2\/posts\/71511","targetHints":{"allow":["GET"]}}],"collection":[{"href":"https:\/\/zjarr.tv\/sq\/wp-json\/wp\/v2\/posts"}],"about":[{"href":"https:\/\/zjarr.tv\/sq\/wp-json\/wp\/v2\/types\/post"}],"author":[{"embeddable":true,"href":"https:\/\/zjarr.tv\/sq\/wp-json\/wp\/v2\/users\/4"}],"replies":[{"embeddable":true,"href":"https:\/\/zjarr.tv\/sq\/wp-json\/wp\/v2\/comments?post=71511"}],"version-history":[{"count":0,"href":"https:\/\/zjarr.tv\/sq\/wp-json\/wp\/v2\/posts\/71511\/revisions"}],"wp:attachment":[{"href":"https:\/\/zjarr.tv\/sq\/wp-json\/wp\/v2\/media?parent=71511"}],"wp:term":[{"taxonomy":"category","embeddable":true,"href":"https:\/\/zjarr.tv\/sq\/wp-json\/wp\/v2\/categories?post=71511"},{"taxonomy":"post_tag","embeddable":true,"href":"https:\/\/zjarr.tv\/sq\/wp-json\/wp\/v2\/tags?post=71511"}],"curies":[{"name":"wp","href":"https:\/\/api.w.org\/{rel}","templated":true}]}}