{"id":72405,"date":"2019-03-05T10:23:50","date_gmt":"2019-03-05T09:23:50","guid":{"rendered":"https:\/\/zjarr.tv\/?p=72405"},"modified":"2019-03-05T10:23:50","modified_gmt":"2019-03-05T09:23:50","slug":"jashte-proteste-rama-ne-seance-opozita-ne-rruge-pa-krye-nuk-na-ben-dot-asgje","status":"publish","type":"post","link":"https:\/\/zjarr.tv\/sq\/jashte-proteste-rama-ne-seance-opozita-ne-rruge-pa-krye-nuk-na-ben-dot-asgje\/","title":{"rendered":"Jasht\u00eb protest\u00eb, Rama n\u00eb seanc\u00eb: Opozita n\u00eb rrug\u00eb pa krye! Nuk na b\u00ebn dot asgj\u00eb"},"content":{"rendered":"<p>Teksa jasht\u00eb opozita mban protest\u00eb, Kryeministri Edi Rama nga seanca parlamentare tha se nuk \u00ebsht\u00eb nj\u00eb protest\u00eb popullore por nj\u00eb reagim brenda pallatit t\u00eb politik\u00ebs nga ajo pjes\u00eb e t\u00ebr\u00ebsis\u00eb s\u00eb p\u00ebrfaq\u00ebsis\u00eb politike t\u00eb popullit shqiptar, q\u00eb p\u00ebr asnj\u00eb moment sipas tij, nuk pati sensin e realitetit dhe reflektimit mbi vetveten.<\/p>\n<p>Rama deklaroi se ajo q\u00eb ndodh sot \u00ebsht\u00eb vijimi i nj\u00eb rruge pa krye, ku e vetmja gj\u00eb e re, \u00ebsht\u00eb nj\u00eb vendim politikisht vet\u00ebvras\u00ebs i udh\u00ebheqjes s\u00eb opozit\u00ebs, si rezultat i humbjes s\u00eb plot\u00eb t\u00eb shikimit mbi vetveten n\u00eb t\u00eb gjith\u00eb Shqip\u00ebrin\u00eb.<\/p>\n<p>\u201cJemi n\u00eb kushtet e nj\u00eb sezoni t\u00eb ri t\u00eb nj\u00eb seriali t\u00eb njohur. Nuk besoj se \u00ebsht\u00eb e v\u00ebshtir\u00eb ti b\u00ebni nj\u00eb thirrje t\u00eb shpejt\u00eb kujtes\u00ebs p\u00ebr situat\u00ebn ekzakt\u00ebsisht dy vite m\u00eb par\u00eb n\u00eb k\u00ebt\u00eb periudh\u00eb kur n\u00eb bulevard u ngrit nj\u00eb \u00e7ad\u00ebr dhe nga ajo \u00e7ad\u00ebr nisi nj\u00eb rrug\u00ebtim p\u00ebr t\u00eb nd\u00ebrtuar nj\u00eb republik\u00eb t\u00eb re me kushtin e panegociuesh\u00ebm p\u00ebr nj\u00eb qeveri pa Edi Ram\u00ebn Kryeminist\u00ebr dhe nj\u00eb qeveri tranzitore p\u00ebr t\u00eb garantuar zgjedhje sipas d\u00ebshir\u00ebs s\u00eb atyre, por q\u00eb sot jan\u00eb larguar p\u00ebrfundimisht nga ky parlament\u201d, u shpreh Rama.<\/p>\n<p>Ai tha se asokohe iu dha opozit\u00ebs gjith\u00e7ka, ku mor\u00ebn ministrin\u00eb e Brendshme, Arsimin, Sh\u00ebndet\u00ebsin\u00eb dhe Financat me iden\u00eb se k\u00ebto ministri ishin ministri elektorale dhe Partis\u00eb Socialiste mund ti p\u00ebrdorte p\u00ebr q\u00ebllime elektorale, duke th\u00ebn\u00eb se k\u00ebt\u00eb gj\u00eb kishin b\u00ebr\u00eb kur kishin qeverin\u00eb.<\/p>\n<p>Po ashtu tha se p\u00ebr her\u00eb t\u00eb par\u00eb opozit\u00ebs iu dha shumic\u00ebs n\u00eb Komisionin Qendror t\u00eb Zgjedhjeve dhe se p\u00ebr her\u00eb t\u00eb par\u00eb Kolegji Zgjedhor mbeti pa pun\u00eb, me zero ankesa, dhe gjith\u00e7ka u tolerua me kushtin q\u00eb kush fiton qeveris dhe jo m\u00eb sharje dhe balt\u00eb qeveris\u00eb n\u00eb gjuh\u00eb t\u00eb huaj.<\/p>\n<p>Sipas tij, nuk pati asnj\u00eb ankes\u00eb, duke e cil\u00ebsuar opozit\u00ebn pa ide dhe pa program p\u00ebr t\u00eb p\u00ebrfaq\u00ebsuar ata q\u00eb i zgjodh\u00ebn.<\/p>\n<p>Po ashtu Rama tha se Parlamenti do vijoj\u00eb pun\u00ebn e tij dhe se &#8220;Ne me mandatet nuk luajm\u00eb bixhoz!&#8221;<\/p>\n<p>P\u00ebr Kryeministrin, l\u00ebvizja e opozit\u00ebs nuk i b\u00ebn asgj\u00eb shumic\u00ebs qeveris\u00ebse dhe as Partis\u00eb Socialiste pasi jan\u00eb zgjedhur p\u00ebr t\u00eb qeverisur.<\/p>\n","protected":false},"excerpt":{"rendered":"<p>Teksa jasht\u00eb opozita mban protest\u00eb, Kryeministri Edi Rama nga seanca parlamentare tha se nuk \u00ebsht\u00eb nj\u00eb protest\u00eb popullore por nj\u00eb reagim brenda pallatit t\u00eb politik\u00ebs nga ajo pjes\u00eb e t\u00ebr\u00ebsis\u00eb s\u00eb p\u00ebrfaq\u00ebsis\u00eb politike t\u00eb popullit shqiptar, q\u00eb p\u00ebr asnj\u00eb moment sipas tij, nuk pati sensin e realitetit dhe reflektimit mbi vetveten. Rama deklaroi se ajo [&hellip;]<\/p>\n","protected":false},"author":4,"featured_media":72406,"comment_status":"open","ping_status":"closed","sticky":false,"template":"","format":"standard","meta":{"footnotes":""},"categories":[241,231,235],"tags":[],"class_list":{"0":"post-72405","1":"post","2":"type-post","3":"status-publish","4":"format-standard","5":"has-post-thumbnail","7":"category-aktualitet","8":"category-lajme","9":"category-vendi"},"_links":{"self":[{"href":"https:\/\/zjarr.tv\/sq\/wp-json\/wp\/v2\/posts\/72405","targetHints":{"allow":["GET"]}}],"collection":[{"href":"https:\/\/zjarr.tv\/sq\/wp-json\/wp\/v2\/posts"}],"about":[{"href":"https:\/\/zjarr.tv\/sq\/wp-json\/wp\/v2\/types\/post"}],"author":[{"embeddable":true,"href":"https:\/\/zjarr.tv\/sq\/wp-json\/wp\/v2\/users\/4"}],"replies":[{"embeddable":true,"href":"https:\/\/zjarr.tv\/sq\/wp-json\/wp\/v2\/comments?post=72405"}],"version-history":[{"count":0,"href":"https:\/\/zjarr.tv\/sq\/wp-json\/wp\/v2\/posts\/72405\/revisions"}],"wp:featuredmedia":[{"embeddable":true,"href":"https:\/\/zjarr.tv\/sq\/wp-json\/wp\/v2\/media\/72406"}],"wp:attachment":[{"href":"https:\/\/zjarr.tv\/sq\/wp-json\/wp\/v2\/media?parent=72405"}],"wp:term":[{"taxonomy":"category","embeddable":true,"href":"https:\/\/zjarr.tv\/sq\/wp-json\/wp\/v2\/categories?post=72405"},{"taxonomy":"post_tag","embeddable":true,"href":"https:\/\/zjarr.tv\/sq\/wp-json\/wp\/v2\/tags?post=72405"}],"curies":[{"name":"wp","href":"https:\/\/api.w.org\/{rel}","templated":true}]}}